{"id":1223,"date":"2017-03-22T20:54:24","date_gmt":"2017-03-22T20:54:24","guid":{"rendered":"https:\/\/cepiadet.org\/index.php\/2017\/03\/22\/ixtayutla-ejerce-su-jurisdiccion-indigena-en-la-resolucion-de-un-conflicto\/"},"modified":"2017-03-22T20:54:24","modified_gmt":"2017-03-22T20:54:24","slug":"ixtayutla-ejerce-su-jurisdiccion-indigena-en-la-resolucion-de-un-conflicto","status":"publish","type":"post","link":"https:\/\/cepiadet.org\/index.php\/2017\/03\/22\/ixtayutla-ejerce-su-jurisdiccion-indigena-en-la-resolucion-de-un-conflicto\/","title":{"rendered":"Ixtayutla ejerce su jurisdicci\u00f3n ind\u00edgena en la resoluci\u00f3n de un conflicto"},"content":{"rendered":"<p><img class=\\\"alignnone size-full wp-image-1210\\\" src=\\\"https:\/\/cepiadet.files.wordpress.com\/2017\/03\/03-copia.jpg\\\" alt=\\\"03 - copia\\\" width=\\\"4608\\\" height=\\\"3456\\\" \/><\/p>\n<p><strong>Santiago Pinotepa Nacional, Oaxaca, marzo de 2017.-<\/strong> Derivado de la declinaci\u00f3n de competencia que le efectu\u00f3 el Juez de Garant\u00eda de Santiago Pinotepa Nacional, la comunidad ind\u00edgena mixteca de Santiago Ixtayutla perteneciente al distrito de Jamiltepec, Oaxaca, al amparo de su libre determinaci\u00f3n y autonom\u00eda, resolvi\u00f3 un asunto de da\u00f1os aplicando sus propios sistemas normativos en la regulaci\u00f3n y soluci\u00f3n de sus conflictos internos, y con pleno respeto de los derechos humanos de las partes.<\/p>\n<p>El caso esta relacionado con unos hechos ocurridos el d\u00eda 22 de abril 2015, cerca de las 10 de la noche, cuando presuntamente una pareja observ\u00f3 que un grupo de 10 personas, con el apoyo de marros y barretas, destruyeron en su totalidad un cuarto en obra negra al que le faltaba s\u00f3lo colocarle el techo. El inmueble se localiza en las c\u00e9ntricas calles de la poblaci\u00f3n de Santiago Ixtayutla que pertenece al distrito de Jamiltepec, Oaxaca, y es propiedad de una agrupaci\u00f3n que se dedica a la comercializaci\u00f3n de ganado en el lugar.<\/p>\n<p>De acuerdo con los testigos presenciales, entre los agresores se encontraba aparentemente un Regidor y dos polic\u00edas municipales de la comunidad. Por ello, el presidente del organismo denunci\u00f3 a los agresores por haber causado los da\u00f1os a la propiedad de su representada y por tal se inici\u00f3 el Legajo de Investigaci\u00f3n n\u00famero 1452(FSJ)2015. Seg\u00fan el denunciante, los da\u00f1os ascend\u00edan a la cantidad de $117,100.00 pero despu\u00e9s un Dictamen Contable estableci\u00f3 el monto de lo da\u00f1ado en $87,000.00.<\/p>\n<p>Adem\u00e1s, el ofendido present\u00f3 recibos para justificar lo invertido en la obra, adem\u00e1s de tener ya la media filiaci\u00f3n de los imputados y el nombramiento del Regidor, el d\u00eda 19 de agosto del a\u00f1o 2015, el Fiscal encargado del caso pidi\u00f3 al entonces Juez de Garant\u00eda de Santiago Pinotepa Nacional, Oaxaca, fecha para formularle imputaci\u00f3n a las personas se\u00f1aladas de haber participado en los hechos que la ley se\u00f1ala como delito.<\/p>\n<p>Por la judicializaci\u00f3n del caso, se inici\u00f3 la Causa Penal 312\/2015 y en el acuerdo respectivo que data del 20 de agosto de 2015, el Juez de Garant\u00eda le orden\u00f3 al Fiscal investigar si la comunidad donde acontecieron los hechos se \u201cencuentra bajo el r\u00e9gimen de Usos y costumbres a fin de establecer en su caso la competencia de este Juzgado\u201d (sic).<\/p>\n<p>Posteriormente, una vez que se confirm\u00f3 esta informaci\u00f3n, con fecha 27 de agosto de 2015, el Juez de la causa declin\u00f3 competencia a Santiago Ixtayutla, Jamiltepec, Oaxaca, dado que el \u201casunto deber\u00e1 ser primero resuelto con injerencia directa de la Asamblea (\u2026), conforme a los sistemas normativos aplicables en esa comunidad\u201d (sic). Despu\u00e9s, el 20 de noviembre de ese a\u00f1o 2015, uno de los imputados le solicit\u00f3 tambi\u00e9n al Agente del Ministerio P\u00fablico que el asunto fuera resuelto por la comunidad.<\/p>\n<p>El 7 diciembre de 2015, se remiti\u00f3 el asunto a la autoridad municipal de Santiago Ixtayutla, Jamiltepec, Oaxaca, para que lo resolviera de conformidad con sus normas, procedimientos e instituciones internas pero ellos acordaron que el caso fuera del conocimiento del Alcalde que entr\u00f3 en funciones el primero de enero de 2016.<\/p>\n<p>Por tal motivo, una vez que entr\u00f3 en funciones la nueva autoridad municipal, se avocaron al conocimiento del asunto y convocaron a todas las partes involucradas, as\u00ed tambi\u00e9n invitaron a las autoridades agrarias y a los tatamandones que son autoridades tradicionales del lugar. En una primera reuni\u00f3n no hubo acuerdos; en una segunda reuni\u00f3n, una de las personas imputadas reconoci\u00f3 haber sido s\u00f3lo \u00e9l quien caus\u00f3 los da\u00f1os; fue hasta en una tercera reuni\u00f3n que las partes conciliaron y dieron por resuelto el caso, los ofendidos otorgaron el perd\u00f3n a todos los imputados al darse por pagado en los da\u00f1os causados a su edificio.<\/p>\n<p>Al respecto, se levant\u00f3 una acta donde las partes firmaron de conformidad con la forma en c\u00f3mo se resolvi\u00f3 el asunto, las autoridades municipales, agrarias y tradicionales suscribieron de igual manera el documento. As\u00ed, se dio por concluido el caso en el que la comunidad ejerci\u00f3 su jurisdicci\u00f3n para resolver un conflicto de esta naturaleza.<\/p>\n<p>El acuerdo de declinaci\u00f3n de competencia puede verse en el\u00a0siguiente link\u00a0http:\/\/issuu.com\/cepiadetactraductores\/docs\/acuerdo_declinaci__n_ixtayutla__1_<\/p>\n<p>&nbsp;<\/p>\n<p>&nbsp;<\/p>\n<p>&nbsp;<\/p>\n","protected":false},"excerpt":{"rendered":"<p>Santiago Pinotepa Nacional, Oaxaca, marzo de 2017.- Derivado de la declinaci\u00f3n de competencia que le efectu\u00f3 el Juez de Garant\u00eda de Santiago Pinotepa Nacional, la comunidad ind\u00edgena mixteca de Santiago Ixtayutla perteneciente al distrito de Jamiltepec, Oaxaca, al amparo de su libre determinaci\u00f3n y autonom\u00eda, resolvi\u00f3 un asunto de da\u00f1os aplicando sus propios sistemas normativos [&hellip;]<\/p>\n","protected":false},"author":3,"featured_media":0,"comment_status":"open","ping_status":"closed","sticky":false,"template":"","format":"standard","meta":{"site-sidebar-layout":"default","site-content-layout":"","ast-site-content-layout":"default","site-content-style":"default","site-sidebar-style":"default","ast-global-header-display":"","ast-banner-title-visibility":"","ast-main-header-display":"","ast-hfb-above-header-display":"","ast-hfb-below-header-display":"","ast-hfb-mobile-header-display":"","site-post-title":"","ast-breadcrumbs-content":"","ast-featured-img":"","footer-sml-layout":"","ast-disable-related-posts":"","theme-transparent-header-meta":"","adv-header-id-meta":"","stick-header-meta":"","header-above-stick-meta":"","header-main-stick-meta":"","header-below-stick-meta":"","astra-migrate-meta-layouts":"default","ast-page-background-enabled":"default","ast-page-background-meta":{"desktop":{"background-color":"var(--ast-global-color-4)","background-image":"","background-repeat":"repeat","background-position":"center center","background-size":"auto","background-attachment":"scroll","background-type":"","background-media":"","overlay-type":"","overlay-color":"","overlay-opacity":"","overlay-gradient":""},"tablet":{"background-color":"","background-image":"","background-repeat":"repeat","background-position":"center center","background-size":"auto","background-attachment":"scroll","background-type":"","background-media":"","overlay-type":"","overlay-color":"","overlay-opacity":"","overlay-gradient":""},"mobile":{"background-color":"","background-image":"","background-repeat":"repeat","background-position":"center center","background-size":"auto","background-attachment":"scroll","background-type":"","background-media":"","overlay-type":"","overlay-color":"","overlay-opacity":"","overlay-gradient":""}},"ast-content-background-meta":{"desktop":{"background-color":"var(--ast-global-color-5)","background-image":"","background-repeat":"repeat","background-position":"center center","background-size":"auto","background-attachment":"scroll","background-type":"","background-media":"","overlay-type":"","overlay-color":"","overlay-opacity":"","overlay-gradient":""},"tablet":{"background-color":"var(--ast-global-color-5)","background-image":"","background-repeat":"repeat","background-position":"center center","background-size":"auto","background-attachment":"scroll","background-type":"","background-media":"","overlay-type":"","overlay-color":"","overlay-opacity":"","overlay-gradient":""},"mobile":{"background-color":"var(--ast-global-color-5)","background-image":"","background-repeat":"repeat","background-position":"center center","background-size":"auto","background-attachment":"scroll","background-type":"","background-media":"","overlay-type":"","overlay-color":"","overlay-opacity":"","overlay-gradient":""}},"footnotes":""},"categories":[1],"tags":[],"class_list":["post-1223","post","type-post","status-publish","format-standard","hentry","category-uncategorized"],"jetpack_featured_media_url":"","_links":{"self":[{"href":"https:\/\/cepiadet.org\/index.php\/wp-json\/wp\/v2\/posts\/1223","targetHints":{"allow":["GET"]}}],"collection":[{"href":"https:\/\/cepiadet.org\/index.php\/wp-json\/wp\/v2\/posts"}],"about":[{"href":"https:\/\/cepiadet.org\/index.php\/wp-json\/wp\/v2\/types\/post"}],"author":[{"embeddable":true,"href":"https:\/\/cepiadet.org\/index.php\/wp-json\/wp\/v2\/users\/3"}],"replies":[{"embeddable":true,"href":"https:\/\/cepiadet.org\/index.php\/wp-json\/wp\/v2\/comments?post=1223"}],"version-history":[{"count":0,"href":"https:\/\/cepiadet.org\/index.php\/wp-json\/wp\/v2\/posts\/1223\/revisions"}],"wp:attachment":[{"href":"https:\/\/cepiadet.org\/index.php\/wp-json\/wp\/v2\/media?parent=1223"}],"wp:term":[{"taxonomy":"category","embeddable":true,"href":"https:\/\/cepiadet.org\/index.php\/wp-json\/wp\/v2\/categories?post=1223"},{"taxonomy":"post_tag","embeddable":true,"href":"https:\/\/cepiadet.org\/index.php\/wp-json\/wp\/v2\/tags?post=1223"}],"curies":[{"name":"wp","href":"https:\/\/api.w.org\/{rel}","templated":true}]}}