{"id":132,"date":"2015-07-21T18:07:44","date_gmt":"2015-07-21T18:07:44","guid":{"rendered":"https:\/\/cepiadet.org\/index.php\/2015\/07\/21\/desinformacion-causa-de-atropellos-para-los-pueblos-indigenas\/"},"modified":"2015-07-21T18:07:44","modified_gmt":"2015-07-21T18:07:44","slug":"desinformacion-causa-de-atropellos-para-los-pueblos-indigenas","status":"publish","type":"post","link":"https:\/\/cepiadet.org\/index.php\/2015\/07\/21\/desinformacion-causa-de-atropellos-para-los-pueblos-indigenas\/","title":{"rendered":"\u00a1Desinformaci\u00f3n!  Causa de atropellos para los pueblos ind\u00edgenas."},"content":{"rendered":"<p style=\\\"text-align:left;\\\"><a href=\\\"https:\/\/cepiadet.files.wordpress.com\/2015\/07\/img_4769.jpg\\\"><img class=\\\"alignnone  wp-image-146\\\" src=\\\"https:\/\/cepiadet.files.wordpress.com\/2015\/07\/img_4769.jpg?w=300\\\" alt=\\\"IMG_4769\\\" width=\\\"520\\\" height=\\\"350\\\" \/><\/a><\/p>\n<p style=\\\"text-align:left;\\\"><strong>Martes 21 de julio del 2015, Oaxaca de Ju\u00e1rez, Oax.<\/strong> \u00a0El esfuerzo que hace la Coordinaci\u00f3n Nacional de Antropolog\u00eda por reflexionar en torno al tema de los derechos de los pueblos ind\u00edgenas tiene que ver con un proyecto que se est\u00e1 impulsando en todo el pa\u00eds, denominado: \u201cProyecto de capacitaci\u00f3n y actualizaci\u00f3n\u00a0 a comunidades ind\u00edgenas sobre los derechos de los pueblos en el marco de los mega proyectos\u201d, no solamente e\u00f3licos y minas, sino con todos aquellos que tienen que ver con la producci\u00f3n de energ\u00eda, con carreteras que tambi\u00e9n ata\u00f1en a las comunidades ind\u00edgenas por transitar en sus territorios. As\u00ed lo declar\u00f3 el Antrop\u00f3logo Sergio Bautista, delegado del <em>Instituto Nacional de Antropolog\u00eda e Historia <\/em>(INAH) del Estado en el acto de clausura del seminario \u201cLos Derechos de los Pueblos Ind\u00edgenas en Oaxaca\u201d.<\/p>\n<p style=\\\"text-align:left;\\\">El Antrop\u00f3logo del INAH tambi\u00e9n enfatiz\u00f3 que es necesario que las comunidades est\u00e9n enteradas y puedan tener elementos de peso para poder regular y participar en estos procesos y que no se atropellan sus derechos por desconocer informaci\u00f3n. Por ello, la importancia de este tipo de espacios que asegur\u00f3 se continuar\u00e1 brindando porque es necesario trabajar con autoridades oficiales y tradicionales para que exista una interlocuci\u00f3n del derecho y permitir la apertura de puentes para la reflexi\u00f3n sobre el derecho de todos los pueblos.<\/p>\n<p style=\\\"text-align:left;\\\">El mensaje de clausura fue precedido por el Antrop\u00f3logo Sergio Bautista, delegado del INAH del Estado, y el Lic. Tom\u00e1s L\u00f3pez Sarabia, Presidente del Consejo Directivo de CEPIADET.<\/p>\n<p style=\\\"text-align:left;\\\">El evento de cierre fue este s\u00e1bado 18 de julio alrededor de las 20:00 hrs. en un hotel al norte de la Ciudad. En este suceso estuvieron presentes los participantes del seminario, entre ellos, autoridades municipales de la Mixteca, la Cuenca y el Istmo, integrantes del Tribunal Estatal Electoral de Oaxaca y de la Procuradur\u00eda General de Justicia del Estado, as\u00ed como activistas sociales que se postularon mediante proceso de selecci\u00f3n.<\/p>\n<p style=\\\"text-align:left;\\\">Con respecto a la diversidad de los asistentes, el Lic. Tom\u00e1s L\u00f3pez Sarabia, Presidente del <em>Centro Profesional Ind\u00edgena de Asesor\u00eda, Defensa y Traducci\u00f3n<\/em> (CEPIADET A.C.), argument\u00f3 que es trascendental que en estos eventos interact\u00faen personas con distintas perspectivas que se involucren de diferentes formas en los procesos del pluralismo jur\u00eddico para que exista una mayor riqueza en estas experiencias.<\/p>\n<p style=\\\"text-align:left;\\\">Este seminario se realiz\u00f3 en la ciudad de Oaxaca los d\u00edas 10, 11, 17 y 18 de julio con el apoyo del Instituto Nacional de Antropolog\u00eda e Historia (INAH) y de la Escuela Judicial del Poder Judicial del Estado de Oaxaca, y es una r\u00e9plica de un diplomado el mismo nombre que se efectu\u00f3 a principios de a\u00f1o en la ciudad de M\u00e9xico.<\/p>\n<p style=\\\"text-align:left;\\\">\n","protected":false},"excerpt":{"rendered":"<p>Martes 21 de julio del 2015, Oaxaca de Ju\u00e1rez, Oax. \u00a0El esfuerzo que hace la Coordinaci\u00f3n Nacional de Antropolog\u00eda por reflexionar en torno al tema de los derechos de los pueblos ind\u00edgenas tiene que ver con un proyecto que se est\u00e1 impulsando en todo el pa\u00eds, denominado: \u201cProyecto de capacitaci\u00f3n y actualizaci\u00f3n\u00a0 a comunidades ind\u00edgenas [&hellip;]<\/p>\n","protected":false},"author":3,"featured_media":0,"comment_status":"open","ping_status":"closed","sticky":false,"template":"","format":"standard","meta":{"site-sidebar-layout":"default","site-content-layout":"","ast-site-content-layout":"default","site-content-style":"default","site-sidebar-style":"default","ast-global-header-display":"","ast-banner-title-visibility":"","ast-main-header-display":"","ast-hfb-above-header-display":"","ast-hfb-below-header-display":"","ast-hfb-mobile-header-display":"","site-post-title":"","ast-breadcrumbs-content":"","ast-featured-img":"","footer-sml-layout":"","ast-disable-related-posts":"","theme-transparent-header-meta":"","adv-header-id-meta":"","stick-header-meta":"","header-above-stick-meta":"","header-main-stick-meta":"","header-below-stick-meta":"","astra-migrate-meta-layouts":"default","ast-page-background-enabled":"default","ast-page-background-meta":{"desktop":{"background-color":"var(--ast-global-color-4)","background-image":"","background-repeat":"repeat","background-position":"center center","background-size":"auto","background-attachment":"scroll","background-type":"","background-media":"","overlay-type":"","overlay-color":"","overlay-opacity":"","overlay-gradient":""},"tablet":{"background-color":"","background-image":"","background-repeat":"repeat","background-position":"center center","background-size":"auto","background-attachment":"scroll","background-type":"","background-media":"","overlay-type":"","overlay-color":"","overlay-opacity":"","overlay-gradient":""},"mobile":{"background-color":"","background-image":"","background-repeat":"repeat","background-position":"center center","background-size":"auto","background-attachment":"scroll","background-type":"","background-media":"","overlay-type":"","overlay-color":"","overlay-opacity":"","overlay-gradient":""}},"ast-content-background-meta":{"desktop":{"background-color":"var(--ast-global-color-5)","background-image":"","background-repeat":"repeat","background-position":"center center","background-size":"auto","background-attachment":"scroll","background-type":"","background-media":"","overlay-type":"","overlay-color":"","overlay-opacity":"","overlay-gradient":""},"tablet":{"background-color":"var(--ast-global-color-5)","background-image":"","background-repeat":"repeat","background-position":"center center","background-size":"auto","background-attachment":"scroll","background-type":"","background-media":"","overlay-type":"","overlay-color":"","overlay-opacity":"","overlay-gradient":""},"mobile":{"background-color":"var(--ast-global-color-5)","background-image":"","background-repeat":"repeat","background-position":"center center","background-size":"auto","background-attachment":"scroll","background-type":"","background-media":"","overlay-type":"","overlay-color":"","overlay-opacity":"","overlay-gradient":""}},"footnotes":""},"categories":[1],"tags":[],"class_list":["post-132","post","type-post","status-publish","format-standard","hentry","category-uncategorized"],"jetpack_featured_media_url":"","_links":{"self":[{"href":"https:\/\/cepiadet.org\/index.php\/wp-json\/wp\/v2\/posts\/132","targetHints":{"allow":["GET"]}}],"collection":[{"href":"https:\/\/cepiadet.org\/index.php\/wp-json\/wp\/v2\/posts"}],"about":[{"href":"https:\/\/cepiadet.org\/index.php\/wp-json\/wp\/v2\/types\/post"}],"author":[{"embeddable":true,"href":"https:\/\/cepiadet.org\/index.php\/wp-json\/wp\/v2\/users\/3"}],"replies":[{"embeddable":true,"href":"https:\/\/cepiadet.org\/index.php\/wp-json\/wp\/v2\/comments?post=132"}],"version-history":[{"count":0,"href":"https:\/\/cepiadet.org\/index.php\/wp-json\/wp\/v2\/posts\/132\/revisions"}],"wp:attachment":[{"href":"https:\/\/cepiadet.org\/index.php\/wp-json\/wp\/v2\/media?parent=132"}],"wp:term":[{"taxonomy":"category","embeddable":true,"href":"https:\/\/cepiadet.org\/index.php\/wp-json\/wp\/v2\/categories?post=132"},{"taxonomy":"post_tag","embeddable":true,"href":"https:\/\/cepiadet.org\/index.php\/wp-json\/wp\/v2\/tags?post=132"}],"curies":[{"name":"wp","href":"https:\/\/api.w.org\/{rel}","templated":true}]}}