{"id":205,"date":"2015-09-25T13:28:33","date_gmt":"2015-09-25T13:28:33","guid":{"rendered":"https:\/\/cepiadet.org\/index.php\/2015\/09\/25\/interprete-y-defensor-derecho-fundamental-de-defensa-adecuada-de-indigenas\/"},"modified":"2015-09-25T13:28:33","modified_gmt":"2015-09-25T13:28:33","slug":"interprete-y-defensor-derecho-fundamental-de-defensa-adecuada-de-indigenas","status":"publish","type":"post","link":"https:\/\/cepiadet.org\/index.php\/2015\/09\/25\/interprete-y-defensor-derecho-fundamental-de-defensa-adecuada-de-indigenas\/","title":{"rendered":"INT\u00c9RPRETE Y DEFENSOR, DERECHO FUNDAMENTAL DE DEFENSA ADECUADA DE IND\u00cdGENAS"},"content":{"rendered":"<p style=\\\"text-align:center;\\\"><a href=\\\"https:\/\/cepiadet.files.wordpress.com\/2015\/09\/indc3adgena-preso.jpg\\\"><img class=\\\"alignnone size-medium wp-image-206\\\" src=\\\"https:\/\/cepiadet.files.wordpress.com\/2015\/09\/indc3adgena-preso.jpg?w=300\\\" alt=\\\"Ind\u00edgena preso\\\" width=\\\"300\\\" height=\\\"171\\\" \/><\/a>*<\/p>\n<p style=\\\"text-align:left;\\\">En su sesi\u00f3n del pasado 23 de septiembre de 2015, la Primera Sala de la Suprema Corte de Justicia de la Naci\u00f3n al resolver, por mayor\u00eda de votos, a propuesta del Ministro Jos\u00e9 Ram\u00f3n Coss\u00edo D\u00edaz, el amparo directo en revisi\u00f3n 5760\/2014, reiter\u00f3 que las figuras tanto del int\u00e9rprete (con conocimiento de lengua y cultura) y defensor, son parte del derecho fundamental de defensa adecuada de las personas ind\u00edgenas, en el caso, de un ind\u00edgena inculpado del delito de homicidio y quien manifest\u00f3 que su lengua materna es el tzeltal.<\/p>\n<p style=\\\"text-align:left;\\\">La Primera Sala estableci\u00f3 que designar a un int\u00e9rprete pr\u00e1ctico para las personas ind\u00edgenas debe ser la \u00faltima medida por adoptar, despu\u00e9s de que el Estado agote todas las v\u00edas posibles para contar con el apoyo de un int\u00e9rprete, oficial o particular, profesional o certificado, que conozca la lengua y cultura de la persona a quien va a auxiliar.\u00a0 Adem\u00e1s, la autoridad debe tener elementos para determinar que dicho traductor pr\u00e1ctico no solamente conoce la lengua parlante del detenido, sino que tambi\u00e9n tiene las condiciones para conocer su cosmovisi\u00f3n derivada de la cultura, ya sea porque pertenece a la misma comunidad o porque tiene un referente de relaci\u00f3n que le permite conocerlo.<\/p>\n<p style=\\\"text-align:left;\\\">Por lo expuesto, la Primera Sala estim\u00f3 que el tribunal colegiado no estuvo en lo correcto al determinar que no se viol\u00f3 el derecho de defensa adecuada del quejoso, pues el pasante en derecho que lo asisti\u00f3 al rendir su declaraci\u00f3n ministerial tambi\u00e9n hablaba y entend\u00eda la lengua tzeltal. Lo anterior, toda vez que dicho tribunal no verific\u00f3 si en el caso la Representaci\u00f3n Social agot\u00f3 todas las v\u00edas posibles para contar con el apoyo de un int\u00e9rprete profesional o certificado en la lengua parlante del quejoso para asistirlo.<\/p>\n<p style=\\\"text-align:left;\\\">As\u00ed, reiterando el criterio de este Alto Tribunal, un pasante en derecho no cuenta con la capacidad t\u00e9cnica para apreciar lo que jur\u00eddicamente le es m\u00e1s conveniente al indiciado, ya que para garantizar la defensa adecuada es necesario que esa defensa est\u00e9 representada por un licenciado en derecho.\u00a0 En este sentido, se revoc\u00f3 la sentencia recurrida y se devolvieron los autos al tribunal colegiado para que, partiendo de la interpretaci\u00f3n constitucional expuesta en la presente ejecutoria, resuelva conforme a derecho proceda.<\/p>\n<p style=\\\"text-align:left;\\\">\n<p style=\\\"text-align:left;\\\">*Bolet\u00edn de la SCJN http:\/\/www.internet2.scjn.gob.mx\/red2\/comunicados\/noticia.asp?id=3161<\/p>\n<p style=\\\"text-align:left;\\\">**La imagen que ilustra esta nota fue tomada de http:\/\/www.magis.iteso.mx\/sites\/default\/files\/styles\/large\/public\/Magis-446-indigenas-derechos-humanos-1_3.jpg?itok=bdm8qwR4<\/p>\n","protected":false},"excerpt":{"rendered":"<p>* En su sesi\u00f3n del pasado 23 de septiembre de 2015, la Primera Sala de la Suprema Corte de Justicia de la Naci\u00f3n al resolver, por mayor\u00eda de votos, a propuesta del Ministro Jos\u00e9 Ram\u00f3n Coss\u00edo D\u00edaz, el amparo directo en revisi\u00f3n 5760\/2014, reiter\u00f3 que las figuras tanto del int\u00e9rprete (con conocimiento de lengua y [&hellip;]<\/p>\n","protected":false},"author":3,"featured_media":0,"comment_status":"open","ping_status":"closed","sticky":false,"template":"","format":"standard","meta":{"site-sidebar-layout":"default","site-content-layout":"","ast-site-content-layout":"default","site-content-style":"default","site-sidebar-style":"default","ast-global-header-display":"","ast-banner-title-visibility":"","ast-main-header-display":"","ast-hfb-above-header-display":"","ast-hfb-below-header-display":"","ast-hfb-mobile-header-display":"","site-post-title":"","ast-breadcrumbs-content":"","ast-featured-img":"","footer-sml-layout":"","ast-disable-related-posts":"","theme-transparent-header-meta":"","adv-header-id-meta":"","stick-header-meta":"","header-above-stick-meta":"","header-main-stick-meta":"","header-below-stick-meta":"","astra-migrate-meta-layouts":"default","ast-page-background-enabled":"default","ast-page-background-meta":{"desktop":{"background-color":"var(--ast-global-color-4)","background-image":"","background-repeat":"repeat","background-position":"center center","background-size":"auto","background-attachment":"scroll","background-type":"","background-media":"","overlay-type":"","overlay-color":"","overlay-opacity":"","overlay-gradient":""},"tablet":{"background-color":"","background-image":"","background-repeat":"repeat","background-position":"center center","background-size":"auto","background-attachment":"scroll","background-type":"","background-media":"","overlay-type":"","overlay-color":"","overlay-opacity":"","overlay-gradient":""},"mobile":{"background-color":"","background-image":"","background-repeat":"repeat","background-position":"center center","background-size":"auto","background-attachment":"scroll","background-type":"","background-media":"","overlay-type":"","overlay-color":"","overlay-opacity":"","overlay-gradient":""}},"ast-content-background-meta":{"desktop":{"background-color":"var(--ast-global-color-5)","background-image":"","background-repeat":"repeat","background-position":"center center","background-size":"auto","background-attachment":"scroll","background-type":"","background-media":"","overlay-type":"","overlay-color":"","overlay-opacity":"","overlay-gradient":""},"tablet":{"background-color":"var(--ast-global-color-5)","background-image":"","background-repeat":"repeat","background-position":"center center","background-size":"auto","background-attachment":"scroll","background-type":"","background-media":"","overlay-type":"","overlay-color":"","overlay-opacity":"","overlay-gradient":""},"mobile":{"background-color":"var(--ast-global-color-5)","background-image":"","background-repeat":"repeat","background-position":"center center","background-size":"auto","background-attachment":"scroll","background-type":"","background-media":"","overlay-type":"","overlay-color":"","overlay-opacity":"","overlay-gradient":""}},"footnotes":""},"categories":[1],"tags":[],"class_list":["post-205","post","type-post","status-publish","format-standard","hentry","category-uncategorized"],"jetpack_featured_media_url":"","_links":{"self":[{"href":"https:\/\/cepiadet.org\/index.php\/wp-json\/wp\/v2\/posts\/205","targetHints":{"allow":["GET"]}}],"collection":[{"href":"https:\/\/cepiadet.org\/index.php\/wp-json\/wp\/v2\/posts"}],"about":[{"href":"https:\/\/cepiadet.org\/index.php\/wp-json\/wp\/v2\/types\/post"}],"author":[{"embeddable":true,"href":"https:\/\/cepiadet.org\/index.php\/wp-json\/wp\/v2\/users\/3"}],"replies":[{"embeddable":true,"href":"https:\/\/cepiadet.org\/index.php\/wp-json\/wp\/v2\/comments?post=205"}],"version-history":[{"count":0,"href":"https:\/\/cepiadet.org\/index.php\/wp-json\/wp\/v2\/posts\/205\/revisions"}],"wp:attachment":[{"href":"https:\/\/cepiadet.org\/index.php\/wp-json\/wp\/v2\/media?parent=205"}],"wp:term":[{"taxonomy":"category","embeddable":true,"href":"https:\/\/cepiadet.org\/index.php\/wp-json\/wp\/v2\/categories?post=205"},{"taxonomy":"post_tag","embeddable":true,"href":"https:\/\/cepiadet.org\/index.php\/wp-json\/wp\/v2\/tags?post=205"}],"curies":[{"name":"wp","href":"https:\/\/api.w.org\/{rel}","templated":true}]}}