{"id":224,"date":"2015-11-03T23:50:39","date_gmt":"2015-11-03T23:50:39","guid":{"rendered":"https:\/\/cepiadet.org\/index.php\/2015\/11\/03\/oaxaca-sede-del-seminario-internacional-cerrando-la-brecha-de-implementacion\/"},"modified":"2015-11-03T23:50:39","modified_gmt":"2015-11-03T23:50:39","slug":"oaxaca-sede-del-seminario-internacional-cerrando-la-brecha-de-implementacion","status":"publish","type":"post","link":"https:\/\/cepiadet.org\/index.php\/2015\/11\/03\/oaxaca-sede-del-seminario-internacional-cerrando-la-brecha-de-implementacion\/","title":{"rendered":"Oaxaca, sede del  \u201cSeminario Internacional: cerrando la brecha de implementaci\u00f3n\u201d"},"content":{"rendered":"<p style=\\\"text-align:center;\\\"><a href=\\\"https:\/\/cepiadet.files.wordpress.com\/2015\/11\/cartel.jpg\\\"><img class=\\\"alignnone size-medium wp-image-225\\\" src=\\\"https:\/\/cepiadet.files.wordpress.com\/2015\/11\/cartel.jpg?w=192\\\" alt=\\\"CARTEL\\\" width=\\\"192\\\" height=\\\"300\\\" \/><\/a><\/p>\n<p><strong>* Pese al reconocimiento de los derechos ind\u00edgenas, existe una \u201cbrecha de implementacio\u0301n\u201d entre la legislacio\u0301n y la realidad cotidiana.<\/strong><\/p>\n<p><strong>Oaxaca, M\u00e9xico, 3 de noviembre de 2015.- <\/strong>Durante las \u00faltimas dos d\u00e9cadas del siglo XX, numerosos pai\u0301ses han llevado a cabo procesos legislativos y reformas constitucionales para el reconocimiento de los pueblos indi\u0301genas y sus derechos, incluyendo el reconocimiento de las lenguas, culturas y tradiciones, la necesidad de la consulta previa e informada, la regulacio\u0301n del acceso a los recursos naturales y a la tierra o en algunos casos, el reconocimiento de la autonomi\u0301a y el autogobierno.<\/p>\n<p>Sin embargo, el primer Relator Especial de la Organizaci\u00f3n de las Naciones Unidas para los derechos de los Pueblos ind\u00edgenas, Rodolfo Stavenhagen, defini\u00f3 y sostuvo que pese a estos avances se advierte la existencia de una \u201cbrecha de implementacio\u0301n\u201d entre la legislacio\u0301n y la realidad cotidiana; su aplicacio\u0301n y cumplimiento se enfrentan a mu\u0301ltiples obsta\u0301culos y problemas que los aparta de los est\u00e1ndares internacionales y las demandas del movimiento ind\u00edgena que originaron dicho reconocimiento<\/p>\n<p>Por ello, un grupo de expertos internacionales se reunir\u00e1n este pr\u00f3ximo 5 y 6 de noviembre del a\u00f1o en curso en el \u201cSeminario Internacional: cerrando la brecha de implementaci\u00f3n\u201d con la finalidad de discutir esta problem\u00e1tica con miras a la reactivaci\u00f3n de la agenda ind\u00edgena en Am\u00e9rica Latina y establecer nuevas rutas de acci\u00f3n para implementar de una forma ma\u0301s efectiva las normas existentes en materia de promocio\u0301n y proteccio\u0301n de los derechos de los Pueblos indi\u0301genas.<\/p>\n<p>En este sentido, se espera que al final de esta actividad acad\u00e9mica se generen nuevos an\u00e1lisis que permitan una mayor comprensi\u00f3n del fen\u00f3meno de la brecha de implementaci\u00f3n en los pa\u00edses de Am\u00e9rica Latina, y se establezcan estrategias y redes intersectoriales para avanzar en la eficacia de los derechos ind\u00edgenas. Esto debido a que \u201cla brecha de implementaci\u00f3n\u201d de los derechos ind\u00edgenas en Am\u00e9rica Latina, es un obst\u00e1culo a la realizaci\u00f3n del estado de derecho, y un factor de ruptura del tejido social.<\/p>\n<p>Para tal efecto, se tiene programado que las sesiones del primer d\u00eda jueves 5 de noviembre de 2015 sea a trav\u00e9s de tres paneles de discusi\u00f3n: 1.- Reconocimientos constitucionales, ausencia o debilidad en\u00a0 el desarrollo de legislaci\u00f3n secundaria y eliminaci\u00f3n de contradicciones normativas, participan Am\u00edlcar Pop Ac (Guatemala), Nina Pacari (Ecuador) y Jaime Mart\u00ednez Veloz (M\u00e9xico); 2.- Avances y limites jurisprudenciales y debilidades en la implementaci\u00f3n de sentencias, tanto\u00a0 de la Corte IDH, como de cortes supremas de justicia y tribunales constitucionales en Am\u00e9rica Latina, participan Silvina Ram\u00edrez (Argentina), Vianca Copa Pab\u00f3n (Bolivia), Elia Avenda\u00f1o Villafuerte (M\u00e9xico) y Jos\u00e9 Luis Evaristo Villegas (M\u00e9xico).<\/p>\n<p>En el panel denominado \u201cPol\u00edticas p\u00fablicas con perspectiva intercultural: los dilemas entre el desarrollo y los derechos de los pueblos y las contradicciones entre el asistencialismo y el fortalecimiento de la autonom\u00eda de los pueblos\u201d, participan los mexicanos Javier L\u00f3pez S\u00e1nchez (Director del INALI), Adelfo Regino Montes (Secretario de Asuntos Ind\u00edgenas de Oaxaca) y Martha S\u00e1nchez N\u00e9stor (ex Secretaria de Asuntos Ind\u00edgenas de Guerrero).<\/p>\n<p>En tanto, para las dem\u00e1s actividades participaran otros expertos como Ana Mar\u00eda Cruz Vasconcelos, Ana Mireya Santos, Aresio Valiente, Carlos Morales S\u00e1nchez, Christi\u00e1n Steiner, David Recondo, Diego Iturralde Guerrero, Enrique Garrido, Gladys Tzul Tzul, Guillermo Padilla, Juan Carlos Mart\u00ednez, Javier Antonio La Rosa Calle, Jos\u00e9 Luis Reyes Hern\u00e1ndez, Judith Bautista P\u00e9rez, Luc\u00eda Tepole, Mariana Yumbay Yallico, Milka Castro, Nina Pacari, Pablo Yanes, Paola Sesia, Rub\u00e9n Paulo Ruiz P\u00e9rez, Salvador Aquino, Tom\u00e1s L\u00f3pez Sarabia, Victor Leonel Juan Mart\u00ednez, entre otros.<\/p>\n<p>El evento ser\u00e1 coordinado por el Centro de Investigaciones y Estudios Superior en Antropolog\u00eda Social \u2013 Unidad Pac\u00edfico Sur (CIESAS), el Centro Profesional Ind\u00edgena de Asesor\u00eda, Defensa y Traducci\u00f3n, A.C. (CEPIADET) y la Fundaci\u00f3n \u201cKonrad Adenauer Stiftung\u201d (KAS), y todas las actividades se desarrollar\u00e1n en el Claustro de la Biblioteca de Investigaci\u00f3n Juan de C\u00f3rdova (ubicado en el Antiguo callej\u00f3n de San Pablo, Independencia n\u00famero 904, Centro, Oaxaca).<\/p>\n","protected":false},"excerpt":{"rendered":"<p>* Pese al reconocimiento de los derechos ind\u00edgenas, existe una \u201cbrecha de implementacio\u0301n\u201d entre la legislacio\u0301n y la realidad cotidiana. Oaxaca, M\u00e9xico, 3 de noviembre de 2015.- Durante las \u00faltimas dos d\u00e9cadas del siglo XX, numerosos pai\u0301ses han llevado a cabo procesos legislativos y reformas constitucionales para el reconocimiento de los pueblos indi\u0301genas y sus [&hellip;]<\/p>\n","protected":false},"author":3,"featured_media":0,"comment_status":"open","ping_status":"closed","sticky":false,"template":"","format":"standard","meta":{"site-sidebar-layout":"default","site-content-layout":"","ast-site-content-layout":"default","site-content-style":"default","site-sidebar-style":"default","ast-global-header-display":"","ast-banner-title-visibility":"","ast-main-header-display":"","ast-hfb-above-header-display":"","ast-hfb-below-header-display":"","ast-hfb-mobile-header-display":"","site-post-title":"","ast-breadcrumbs-content":"","ast-featured-img":"","footer-sml-layout":"","ast-disable-related-posts":"","theme-transparent-header-meta":"","adv-header-id-meta":"","stick-header-meta":"","header-above-stick-meta":"","header-main-stick-meta":"","header-below-stick-meta":"","astra-migrate-meta-layouts":"default","ast-page-background-enabled":"default","ast-page-background-meta":{"desktop":{"background-color":"var(--ast-global-color-4)","background-image":"","background-repeat":"repeat","background-position":"center center","background-size":"auto","background-attachment":"scroll","background-type":"","background-media":"","overlay-type":"","overlay-color":"","overlay-opacity":"","overlay-gradient":""},"tablet":{"background-color":"","background-image":"","background-repeat":"repeat","background-position":"center center","background-size":"auto","background-attachment":"scroll","background-type":"","background-media":"","overlay-type":"","overlay-color":"","overlay-opacity":"","overlay-gradient":""},"mobile":{"background-color":"","background-image":"","background-repeat":"repeat","background-position":"center center","background-size":"auto","background-attachment":"scroll","background-type":"","background-media":"","overlay-type":"","overlay-color":"","overlay-opacity":"","overlay-gradient":""}},"ast-content-background-meta":{"desktop":{"background-color":"var(--ast-global-color-5)","background-image":"","background-repeat":"repeat","background-position":"center center","background-size":"auto","background-attachment":"scroll","background-type":"","background-media":"","overlay-type":"","overlay-color":"","overlay-opacity":"","overlay-gradient":""},"tablet":{"background-color":"var(--ast-global-color-5)","background-image":"","background-repeat":"repeat","background-position":"center center","background-size":"auto","background-attachment":"scroll","background-type":"","background-media":"","overlay-type":"","overlay-color":"","overlay-opacity":"","overlay-gradient":""},"mobile":{"background-color":"var(--ast-global-color-5)","background-image":"","background-repeat":"repeat","background-position":"center center","background-size":"auto","background-attachment":"scroll","background-type":"","background-media":"","overlay-type":"","overlay-color":"","overlay-opacity":"","overlay-gradient":""}},"footnotes":""},"categories":[1],"tags":[],"class_list":["post-224","post","type-post","status-publish","format-standard","hentry","category-uncategorized"],"jetpack_featured_media_url":"","_links":{"self":[{"href":"https:\/\/cepiadet.org\/index.php\/wp-json\/wp\/v2\/posts\/224","targetHints":{"allow":["GET"]}}],"collection":[{"href":"https:\/\/cepiadet.org\/index.php\/wp-json\/wp\/v2\/posts"}],"about":[{"href":"https:\/\/cepiadet.org\/index.php\/wp-json\/wp\/v2\/types\/post"}],"author":[{"embeddable":true,"href":"https:\/\/cepiadet.org\/index.php\/wp-json\/wp\/v2\/users\/3"}],"replies":[{"embeddable":true,"href":"https:\/\/cepiadet.org\/index.php\/wp-json\/wp\/v2\/comments?post=224"}],"version-history":[{"count":0,"href":"https:\/\/cepiadet.org\/index.php\/wp-json\/wp\/v2\/posts\/224\/revisions"}],"wp:attachment":[{"href":"https:\/\/cepiadet.org\/index.php\/wp-json\/wp\/v2\/media?parent=224"}],"wp:term":[{"taxonomy":"category","embeddable":true,"href":"https:\/\/cepiadet.org\/index.php\/wp-json\/wp\/v2\/categories?post=224"},{"taxonomy":"post_tag","embeddable":true,"href":"https:\/\/cepiadet.org\/index.php\/wp-json\/wp\/v2\/tags?post=224"}],"curies":[{"name":"wp","href":"https:\/\/api.w.org\/{rel}","templated":true}]}}