{"id":2242,"date":"2017-08-28T23:04:38","date_gmt":"2017-08-28T23:04:38","guid":{"rendered":"https:\/\/cepiadet.org\/index.php\/2017\/08\/28\/inicio-diplomando-intercultural-bilingue-en-gobernanza-comunitaria\/"},"modified":"2024-02-12T21:23:32","modified_gmt":"2024-02-12T21:23:32","slug":"inicio-diplomando-intercultural-bilingue-en-gobernanza-comunitaria","status":"publish","type":"post","link":"https:\/\/cepiadet.org\/index.php\/2017\/08\/28\/inicio-diplomando-intercultural-bilingue-en-gobernanza-comunitaria\/","title":{"rendered":"Inici\u00f3 Diplomando Intercultural Biling\u00fce en Gobernanza Comunitaria"},"content":{"rendered":"<p style=\"0text-align: right;\">Oaxaca, Oaxaca. Agosto 28 de 2017.<\/p>\n<p style=\"0text-align: center;\"><strong><u>COMUNICADO DE PRENSA<\/u><\/strong><\/p>\n<p><strong>Inici\u00f3 Diplomando Intercultural Biling\u00fce en Gobernanza Comunitaria<\/strong><\/p>\n<ul>\n<li>Busca promover la participaci\u00f3n ciudadana a partir del ejercicio de sus derechos<\/li>\n<li>Participan l\u00edderes comunitarios de 5 comunidades de Valles Centrales<\/li>\n<\/ul>\n<p>El pasado s\u00e1bado 26 de agosto se inaugur\u00f3 el Diplomado Intercultural Biling\u00fce en Gobernanza Comunitaria, en el que participar\u00e1n 45 personas l\u00edderes y actores clave provenientes de 5 comunidades de la regi\u00f3n de Valles Centrales, como parte del proyecto \u201cGobernanza comunitaria e intercultural para el ejercicio de la participaci\u00f3n social, la rendici\u00f3n de cuentas y los derechos humanos en el estado de Oaxaca\u201d, dise\u00f1ado e implementado por una red de 5 organizaciones oaxaque\u00f1as teniendo como sede la Defensor\u00eda\u00a0de los\u00a0Derechos Humanos del Pueblo de\u00a0Oaxaca a raz\u00f3n del acercamiento entre organizaciones de la sociedad civil y el gobierno estatal en el marco del programa de Laboratorio de Cohesi\u00f3n Social II con impulso de la Uni\u00f3n Europea (UE) y la Agencia Mexicana de Cooperaci\u00f3n Internacional para el Desarrollo (AMEXCID).<\/p>\n<p>Participaron en el acto de inauguraci\u00f3n el C. Jaime Hern\u00e1ndez Bravo, Presidente Municipal de Santa Catarina Quian\u00e9; Mtra. Mayra V\u00e1squez Santos enlace institucional de la Agencia Mexicana Cooperaci\u00f3n Internacional para el Desarrollo en la Jefatura de Gobierno del Estado de Oaxaca; Edith Mat\u00edas Juan y Tom\u00e1s L\u00f3pez Sarabia representantes de Cepiadet A.C.; Ana Bertha Cruz Mart\u00ednez y Pedro Venegas L\u00e1zaro representantes de Propuesta A.C.;\u00a0 Aline Castellanos Jurado y Ori Andr\u00e9s Bensusan Piedrasanta, representantes de Diversidades A.C.; \u00a0Laura Escobar Colmenares y Saul Fuentes Olivares representantes de Ideas Comunitarias A.C. y Esperanza Cardenas Salcido por parte de Sikanda A.C.<\/p>\n<p>Cabe destacar la asistencia de autoridades municipales de Villa D\u00edaz Ordaz, Teotitl\u00e1n del Valle,\u00a0 \u00a0\u00a0Santa Catarina Quian\u00e9, el agente municipal de San Pablo Guil\u00e1 y representantes de la agencia San Juan Chapultepec, acompa\u00f1ando a sus conciudadanas\/os participantes. Asimismo, asistieron la Lic. Diana Alva Pazar\u00e1n de la Defensor\u00eda\u00a0de los\u00a0Derechos Humanos del Pueblo de\u00a0Oaxaca; Lic. Mar\u00eda de la Paz Padilla Soria de la Secretaria de la Mujer Oaxaque\u00f1a; Lic. Juan G\u00f3mez P\u00e9rez, comisionado del Instituto de Acceso a la Informaci\u00f3n P\u00fablica y Protecci\u00f3n de Datos Personales del estado de Oaxaca y Rafaela Hern\u00e1ndez Ch\u00e1vez ciudadana de Tlalixtac de Cabrera, quienes, entre otras, integran el Grupo Asesor Interinstitucional convocado por las organizaciones ejecutantes.<\/p>\n<p>El objetivo del Diplomado es contribuir en el fortalecimiento de la gobernanza a nivel comunitario y estatal a trav\u00e9s de la participaci\u00f3n ciudadana a partir del ejercicio de derechos. Se implementar\u00e1 por un periodo de tres meses y, al concluir, servir\u00e1 de base para las siguientes actividades, mismas que consisten en el seguimiento a la aplicaci\u00f3n pr\u00e1ctica de lo abordado en los m\u00f3dulos y, posteriormente, se realizar\u00e1n foros regionales y un congreso nacional de intercambio de experiencias en gobernanza comunitaria e intercultural.<\/p>\n<p><img fetchpriority=\"high\" decoding=\"async\" class=\"alignnone size-medium wp-image-2363\" src=\"https:\/\/cepiadet.org\/wp-content\/uploads\/2017\/08\/img_7378-1-300x200.jpg\" alt=\"\" width=\"300\" height=\"200\" srcset=\"https:\/\/cepiadet.org\/wp-content\/uploads\/2017\/08\/img_7378-1-300x200.jpg 300w, https:\/\/cepiadet.org\/wp-content\/uploads\/2017\/08\/img_7378-1-1024x683.jpg 1024w, https:\/\/cepiadet.org\/wp-content\/uploads\/2017\/08\/img_7378-1-768x512.jpg 768w, https:\/\/cepiadet.org\/wp-content\/uploads\/2017\/08\/img_7378-1-1536x1024.jpg 1536w, https:\/\/cepiadet.org\/wp-content\/uploads\/2017\/08\/img_7378-1-2048x1366.jpg 2048w\" sizes=\"(max-width: 300px) 100vw, 300px\" \/><\/p>\n","protected":false},"excerpt":{"rendered":"<p>Oaxaca, Oaxaca. Agosto 28 de 2017. COMUNICADO DE PRENSA Inici\u00f3 Diplomando Intercultural Biling\u00fce en Gobernanza Comunitaria Busca promover la participaci\u00f3n ciudadana a partir del ejercicio de sus derechos Participan l\u00edderes comunitarios de 5 comunidades de Valles Centrales El pasado s\u00e1bado 26 de agosto se inaugur\u00f3 el Diplomado Intercultural Biling\u00fce en Gobernanza Comunitaria, en el que [&hellip;]<\/p>\n","protected":false},"author":3,"featured_media":2363,"comment_status":"open","ping_status":"closed","sticky":false,"template":"","format":"standard","meta":{"site-sidebar-layout":"default","site-content-layout":"","ast-site-content-layout":"default","site-content-style":"default","site-sidebar-style":"default","ast-global-header-display":"","ast-banner-title-visibility":"","ast-main-header-display":"","ast-hfb-above-header-display":"","ast-hfb-below-header-display":"","ast-hfb-mobile-header-display":"","site-post-title":"","ast-breadcrumbs-content":"","ast-featured-img":"","footer-sml-layout":"","ast-disable-related-posts":"","theme-transparent-header-meta":"default","adv-header-id-meta":"","stick-header-meta":"","header-above-stick-meta":"","header-main-stick-meta":"","header-below-stick-meta":"","astra-migrate-meta-layouts":"set","ast-page-background-enabled":"default","ast-page-background-meta":{"desktop":{"background-color":"var(--ast-global-color-4)","background-image":"","background-repeat":"repeat","background-position":"center center","background-size":"auto","background-attachment":"scroll","background-type":"","background-media":"","overlay-type":"","overlay-color":"","overlay-opacity":"","overlay-gradient":""},"tablet":{"background-color":"","background-image":"","background-repeat":"repeat","background-position":"center center","background-size":"auto","background-attachment":"scroll","background-type":"","background-media":"","overlay-type":"","overlay-color":"","overlay-opacity":"","overlay-gradient":""},"mobile":{"background-color":"","background-image":"","background-repeat":"repeat","background-position":"center center","background-size":"auto","background-attachment":"scroll","background-type":"","background-media":"","overlay-type":"","overlay-color":"","overlay-opacity":"","overlay-gradient":""}},"ast-content-background-meta":{"desktop":{"background-color":"var(--ast-global-color-5)","background-image":"","background-repeat":"repeat","background-position":"center center","background-size":"auto","background-attachment":"scroll","background-type":"","background-media":"","overlay-type":"","overlay-color":"","overlay-opacity":"","overlay-gradient":""},"tablet":{"background-color":"var(--ast-global-color-5)","background-image":"","background-repeat":"repeat","background-position":"center center","background-size":"auto","background-attachment":"scroll","background-type":"","background-media":"","overlay-type":"","overlay-color":"","overlay-opacity":"","overlay-gradient":""},"mobile":{"background-color":"var(--ast-global-color-5)","background-image":"","background-repeat":"repeat","background-position":"center center","background-size":"auto","background-attachment":"scroll","background-type":"","background-media":"","overlay-type":"","overlay-color":"","overlay-opacity":"","overlay-gradient":""}},"footnotes":""},"categories":[1],"tags":[],"class_list":["post-2242","post","type-post","status-publish","format-standard","has-post-thumbnail","hentry","category-uncategorized"],"jetpack_featured_media_url":"https:\/\/cepiadet.org\/wp-content\/uploads\/2017\/08\/img_7378-1.jpg","_links":{"self":[{"href":"https:\/\/cepiadet.org\/index.php\/wp-json\/wp\/v2\/posts\/2242","targetHints":{"allow":["GET"]}}],"collection":[{"href":"https:\/\/cepiadet.org\/index.php\/wp-json\/wp\/v2\/posts"}],"about":[{"href":"https:\/\/cepiadet.org\/index.php\/wp-json\/wp\/v2\/types\/post"}],"author":[{"embeddable":true,"href":"https:\/\/cepiadet.org\/index.php\/wp-json\/wp\/v2\/users\/3"}],"replies":[{"embeddable":true,"href":"https:\/\/cepiadet.org\/index.php\/wp-json\/wp\/v2\/comments?post=2242"}],"version-history":[{"count":3,"href":"https:\/\/cepiadet.org\/index.php\/wp-json\/wp\/v2\/posts\/2242\/revisions"}],"predecessor-version":[{"id":2367,"href":"https:\/\/cepiadet.org\/index.php\/wp-json\/wp\/v2\/posts\/2242\/revisions\/2367"}],"wp:featuredmedia":[{"embeddable":true,"href":"https:\/\/cepiadet.org\/index.php\/wp-json\/wp\/v2\/media\/2363"}],"wp:attachment":[{"href":"https:\/\/cepiadet.org\/index.php\/wp-json\/wp\/v2\/media?parent=2242"}],"wp:term":[{"taxonomy":"category","embeddable":true,"href":"https:\/\/cepiadet.org\/index.php\/wp-json\/wp\/v2\/categories?post=2242"},{"taxonomy":"post_tag","embeddable":true,"href":"https:\/\/cepiadet.org\/index.php\/wp-json\/wp\/v2\/tags?post=2242"}],"curies":[{"name":"wp","href":"https:\/\/api.w.org\/{rel}","templated":true}]}}