{"id":2301,"date":"2024-02-07T18:17:35","date_gmt":"2024-02-07T18:17:35","guid":{"rendered":"https:\/\/cepiadet.org\/?p=2301"},"modified":"2024-03-26T19:52:29","modified_gmt":"2024-03-26T19:52:29","slug":"programa-diversidad-sin-racismo-inicia-transmisiones-a-traves-de-cortv-radio","status":"publish","type":"post","link":"https:\/\/cepiadet.org\/index.php\/2024\/02\/07\/programa-diversidad-sin-racismo-inicia-transmisiones-a-traves-de-cortv-radio\/","title":{"rendered":"Programa \u201cDiversidad sin Racismo\u201d inicia transmisiones a trav\u00e9s de CORTV-Radio."},"content":{"rendered":"<blockquote><p>\u00b7\u00a0 \u00a0CEPIADET y CORTV-RADIO coproducen el programa que abordar\u00e1 los derechos de las personas, pueblos y comunidades ind\u00edgenas<\/p>\n<p>\u00b7\u00a0 \u00a0 Racismo, discriminaci\u00f3n, acceso a la justicia, tortura, desaparici\u00f3n, reinserci\u00f3n social comunitaria y derechos ling\u00fc\u00edsticos, algunos de los temas<\/p><\/blockquote>\n<p><img fetchpriority=\"high\" decoding=\"async\" class=\"alignnone wp-image-2302\" src=\"https:\/\/cepiadet.org\/wp-content\/uploads\/2024\/02\/boletin-300x200.jpg\" alt=\"\" width=\"528\" height=\"352\" srcset=\"https:\/\/cepiadet.org\/wp-content\/uploads\/2024\/02\/boletin-300x200.jpg 300w, https:\/\/cepiadet.org\/wp-content\/uploads\/2024\/02\/boletin-1024x682.jpg 1024w, https:\/\/cepiadet.org\/wp-content\/uploads\/2024\/02\/boletin-768x512.jpg 768w, https:\/\/cepiadet.org\/wp-content\/uploads\/2024\/02\/boletin-1536x1023.jpg 1536w, https:\/\/cepiadet.org\/wp-content\/uploads\/2024\/02\/boletin.jpg 1600w\" sizes=\"(max-width: 528px) 100vw, 528px\" \/><\/p>\n<p><strong>Oaxaca de Ju\u00e1rez, Oaxaca.<\/strong> El programa \u201cDiversidad sin Racismo\u201d, una coproducci\u00f3n del Centro Profesional Ind\u00edgena de Asesor\u00eda, Defensa y Traducci\u00f3n (CEPIADET A. C.) y la Corporaci\u00f3n Oaxaque\u00f1a de Radio y Televisi\u00f3n (CORTV), se estren\u00f3 en CORTV-RADIO el d\u00eda martes 06 de febrero a trav\u00e9s de Oaxaque\u00f1a Radio a las 15:00 horas, y por Global 96.9 a las 19:00 horas.<\/p>\n<p>La serie radiof\u00f3nica constar\u00e1 de 19 emisiones cuyo objetivo es difundir los derechos de las personas, comunidades y pueblos ind\u00edgenas, contribuyendo as\u00ed a la construcci\u00f3n de un pa\u00eds pluricultural desde la perspectiva de g\u00e9nero, interculturalidad y el enfoque de derechos humanos e interseccionalidad<\/p>\n<p>A trav\u00e9s de \u201cDiversidad sin Racismo\u201d se abordar\u00e1n temas cruciales como racismo, discriminaci\u00f3n, acceso a la justicia, violaciones graves de derechos humanos como tortura y desaparici\u00f3n, reinserci\u00f3n social comunitaria y derechos ling\u00fc\u00edsticos.<\/p>\n<p>Tom\u00e1s L\u00f3pez Sarabia, presidente del Consejo Directivo del CEPIADET, se\u00f1al\u00f3 que se trata de un programa de radio que apuesta a la cultura de la diversidad, la erradicaci\u00f3n del racismo, y a la construcci\u00f3n de una sociedad respetuosa de los derechos humanos de los Pueblos Ind\u00edgenas.<\/p>\n<p>Para tal efecto, agreg\u00f3, se contar\u00e1 con la participaci\u00f3n de personas expertas en cada uno de los temas, entre quienes se encuentran activistas, acad\u00e9micos, autoridades ind\u00edgenas, int\u00e9rpretes y traductores de lenguas ind\u00edgenas, entre otros, la mayor\u00eda con intervenciones en diferentes lenguas ind\u00edgenas de Oaxaca y de M\u00e9xico.<\/p>\n<p>La conducci\u00f3n de \u201cDiversidad sin Racismo\u201d estar\u00e1 a cargo de Mauricio Robles Montero, locutor-operador de CORTV Radio, y el experto Tom\u00e1s L\u00f3pez Sarabia por parte de CEPIADET, quien precis\u00f3 que esta coproducci\u00f3n es resultado del convenio de colaboraci\u00f3n signado por ambas instancias.<\/p>\n<p>Las transmisiones se realizan a trav\u00e9s de Oaxaque\u00f1a Radio, los martes a las 15:00 horas y domingos a las 18:00 horas, mientras que en Global 96.9 ser\u00e1n los martes a las 19:00 horas y domingos a las 20:00 horas.<\/p>\n","protected":false},"excerpt":{"rendered":"<p>\u00b7\u00a0 \u00a0CEPIADET y CORTV-RADIO coproducen el programa que abordar\u00e1 los derechos de las personas, pueblos y comunidades ind\u00edgenas \u00b7\u00a0 \u00a0 Racismo, discriminaci\u00f3n, acceso a la justicia, tortura, desaparici\u00f3n, reinserci\u00f3n social comunitaria y derechos ling\u00fc\u00edsticos, algunos de los temas Oaxaca de Ju\u00e1rez, Oaxaca. El programa \u201cDiversidad sin Racismo\u201d, una coproducci\u00f3n del Centro Profesional Ind\u00edgena de Asesor\u00eda, [&hellip;]<\/p>\n","protected":false},"author":4,"featured_media":2302,"comment_status":"open","ping_status":"closed","sticky":false,"template":"","format":"standard","meta":{"site-sidebar-layout":"default","site-content-layout":"","ast-site-content-layout":"default","site-content-style":"default","site-sidebar-style":"default","ast-global-header-display":"","ast-banner-title-visibility":"","ast-main-header-display":"","ast-hfb-above-header-display":"","ast-hfb-below-header-display":"","ast-hfb-mobile-header-display":"","site-post-title":"","ast-breadcrumbs-content":"","ast-featured-img":"","footer-sml-layout":"","ast-disable-related-posts":"","theme-transparent-header-meta":"default","adv-header-id-meta":"","stick-header-meta":"","header-above-stick-meta":"","header-main-stick-meta":"","header-below-stick-meta":"","astra-migrate-meta-layouts":"set","ast-page-background-enabled":"default","ast-page-background-meta":{"desktop":{"background-color":"var(--ast-global-color-4)","background-image":"","background-repeat":"repeat","background-position":"center center","background-size":"auto","background-attachment":"scroll","background-type":"","background-media":"","overlay-type":"","overlay-color":"","overlay-opacity":"","overlay-gradient":""},"tablet":{"background-color":"","background-image":"","background-repeat":"repeat","background-position":"center center","background-size":"auto","background-attachment":"scroll","background-type":"","background-media":"","overlay-type":"","overlay-color":"","overlay-opacity":"","overlay-gradient":""},"mobile":{"background-color":"","background-image":"","background-repeat":"repeat","background-position":"center center","background-size":"auto","background-attachment":"scroll","background-type":"","background-media":"","overlay-type":"","overlay-color":"","overlay-opacity":"","overlay-gradient":""}},"ast-content-background-meta":{"desktop":{"background-color":"var(--ast-global-color-5)","background-image":"","background-repeat":"repeat","background-position":"center center","background-size":"auto","background-attachment":"scroll","background-type":"","background-media":"","overlay-type":"","overlay-color":"","overlay-opacity":"","overlay-gradient":""},"tablet":{"background-color":"var(--ast-global-color-5)","background-image":"","background-repeat":"repeat","background-position":"center center","background-size":"auto","background-attachment":"scroll","background-type":"","background-media":"","overlay-type":"","overlay-color":"","overlay-opacity":"","overlay-gradient":""},"mobile":{"background-color":"var(--ast-global-color-5)","background-image":"","background-repeat":"repeat","background-position":"center center","background-size":"auto","background-attachment":"scroll","background-type":"","background-media":"","overlay-type":"","overlay-color":"","overlay-opacity":"","overlay-gradient":""}},"footnotes":""},"categories":[13],"tags":[15,16,17,14],"class_list":["post-2301","post","type-post","status-publish","format-standard","has-post-thumbnail","hentry","category-boletines","tag-cortv","tag-diversidad","tag-racismo","tag-radio"],"jetpack_featured_media_url":"https:\/\/cepiadet.org\/wp-content\/uploads\/2024\/02\/boletin.jpg","_links":{"self":[{"href":"https:\/\/cepiadet.org\/index.php\/wp-json\/wp\/v2\/posts\/2301","targetHints":{"allow":["GET"]}}],"collection":[{"href":"https:\/\/cepiadet.org\/index.php\/wp-json\/wp\/v2\/posts"}],"about":[{"href":"https:\/\/cepiadet.org\/index.php\/wp-json\/wp\/v2\/types\/post"}],"author":[{"embeddable":true,"href":"https:\/\/cepiadet.org\/index.php\/wp-json\/wp\/v2\/users\/4"}],"replies":[{"embeddable":true,"href":"https:\/\/cepiadet.org\/index.php\/wp-json\/wp\/v2\/comments?post=2301"}],"version-history":[{"count":6,"href":"https:\/\/cepiadet.org\/index.php\/wp-json\/wp\/v2\/posts\/2301\/revisions"}],"predecessor-version":[{"id":2564,"href":"https:\/\/cepiadet.org\/index.php\/wp-json\/wp\/v2\/posts\/2301\/revisions\/2564"}],"wp:featuredmedia":[{"embeddable":true,"href":"https:\/\/cepiadet.org\/index.php\/wp-json\/wp\/v2\/media\/2302"}],"wp:attachment":[{"href":"https:\/\/cepiadet.org\/index.php\/wp-json\/wp\/v2\/media?parent=2301"}],"wp:term":[{"taxonomy":"category","embeddable":true,"href":"https:\/\/cepiadet.org\/index.php\/wp-json\/wp\/v2\/categories?post=2301"},{"taxonomy":"post_tag","embeddable":true,"href":"https:\/\/cepiadet.org\/index.php\/wp-json\/wp\/v2\/tags?post=2301"}],"curies":[{"name":"wp","href":"https:\/\/api.w.org\/{rel}","templated":true}]}}