{"id":233,"date":"2015-11-05T20:33:38","date_gmt":"2015-11-05T20:33:38","guid":{"rendered":"https:\/\/cepiadet.org\/index.php\/2015\/11\/05\/cerrar-la-brecha-de-implementacion-un-tema-que-no-es-solo-necesario-sino-urgente\/"},"modified":"2015-11-05T20:33:38","modified_gmt":"2015-11-05T20:33:38","slug":"cerrar-la-brecha-de-implementacion-un-tema-que-no-es-solo-necesario-sino-urgente","status":"publish","type":"post","link":"https:\/\/cepiadet.org\/index.php\/2015\/11\/05\/cerrar-la-brecha-de-implementacion-un-tema-que-no-es-solo-necesario-sino-urgente\/","title":{"rendered":"Cerrar la brecha de implementaci\u00f3n. Un tema que no es s\u00f3lo necesario, sino urgente."},"content":{"rendered":"<p style=\\\"text-align:center;\\\"><strong><a href=\\\"https:\/\/cepiadet.files.wordpress.com\/2015\/11\/img_2006.jpg\\\"><img class=\\\"alignnone size-medium wp-image-234\\\" src=\\\"https:\/\/cepiadet.files.wordpress.com\/2015\/11\/img_2006.jpg?w=300\\\" alt=\\\"IMG_2006\\\" width=\\\"300\\\" height=\\\"200\\\" \/><\/a><\/strong><\/p>\n<p style=\\\"text-align:center;\\\"><strong>*Da inicio el Seminario Internacional: cerrando la brecha de implementaci\u00f3n.<\/strong><\/p>\n<p><strong>Oaxaca, M\u00e9xico, 5 de noviembre de 2015.- <\/strong>La ausencia, insuficiencia o ineficiencia de adecuados mecanismos de evaluaci\u00f3n y monitoreo de la aplicaci\u00f3n de las normas nacionales e internacionales de derechos humanos en la puesta en pr\u00e1ctica de programas y proyectos de desarrollo o de legislaciones que directa o indirectamente afectan a los pueblos ind\u00edgenas, sus tierras, territorios, recursos o medio ambiente, sus lugares sagrados y su ambiente cultural, contribuyen directamente a la existencia de la brecha de implementaci\u00f3n. As\u00ed lo afirm\u00f3 el Lic. Tom\u00e1s L\u00f3pez Sarabia, presidente del consejo directivo del Centro Profesional Ind\u00edgena de Asesor\u00eda, Defensa y Traducci\u00f3n (CEPIADET A.C), durante el acto inaugural del \u201cSeminario Internacional: cerrando la brecha de implementaci\u00f3n\u201d, donde tambi\u00e9n estuvieron presentes Christian Steiner, Director del Programa Estado de Derecho para Latinoam\u00e9rica de la Fundaci\u00f3n Konrad Adenauer y Salvador Sig\u00fcenza Orozco, Representante del Centro de Investigaciones y Estudios Superiores en Antropolog\u00eda Social-Unidad Pac\u00edfico Sur (CIESAS).<\/p>\n<p>El abogado ind\u00edgena mixteco explic\u00f3 que en las \u00faltimas dos d\u00e9cadas del siglo XX, numerosos pa\u00edses han llevado a cabo procesos legislativos y reformas constitucionales para el reconocimiento de los Pueblos ind\u00edgenas y sus derechos, incluyendo el reconocimiento de las lenguas, culturas y tradiciones, la necesidad de la consulta previa e informada, la regulaci\u00f3n del acceso a los recursos naturales y a la tierra o en algunos casos, el reconocimiento de la autonom\u00eda y el autogobierno.<\/p>\n<p>Sin embargo, el primer Relator Especial de la Organizaci\u00f3n de las Naciones Unidas para los derechos de los Pueblos ind\u00edgenas, Rodolfo Stavenhagen, defini\u00f3 y sostuvo que pese a estos avances se advierte la existencia de una \u201cbrecha de implementacio\u0301n\u201d entre la legislacio\u0301n y la realidad cotidiana; su aplicacio\u0301n y cumplimiento se enfrentan a mu\u0301ltiples obsta\u0301culos y problemas que los aparta de los est\u00e1ndares internacionales y las demandas del movimiento ind\u00edgena que originaron dicho reconocimiento.<\/p>\n<p>Por ello, se realiza el Seminario Internacional \u201cCerrando la brecha de implementaci\u00f3n\u201d precisamente porque es necesario, como sociedad civil y desde el \u00e1mbito de trabajo de cada uno, discutir esta problem\u00e1tica con miras a la reactivaci\u00f3n de la agenda ind\u00edgena en Am\u00e9rica Latina y establecer nuevas rutas de acci\u00f3n para implementar de una forma ma\u0301s efectiva las normas existentes en materia de promocio\u0301n y proteccio\u0301n de los derechos de los pueblos indi\u0301genas.<\/p>\n<p>Se espera que durante estos dos d\u00edas, 5 y 6 de Noviembre del\u00a0 a\u00f1o en curso, se generen nuevas reflexiones y an\u00e1lisis que permitan una mayor comprensi\u00f3n del fen\u00f3meno de la brecha de implementaci\u00f3n y con ello reactivar la agenda ind\u00edgena en Am\u00e9rica Latina y establecer nuevas rutas de acci\u00f3n para implementar de una forma ma\u0301s efectiva las normas existentes en materia de promocio\u0301n y proteccio\u0301n de los derechos de los pueblos indi\u0301genas.<\/p>\n<p>Aunado a esto, es necesario empezar a realizar acciones concretas que nos den como resultado palpable el cierre la brecha de implementaci\u00f3n de tal manera que el impacto del marco jur\u00eddico normativo internacional de derechos de los pueblos ind\u00edgenas en los sistemas jur\u00eddicos latinoamericanos sea una condici\u00f3n suficiente para mejorar las condiciones de vida de los sujetos de derecho partir del paradigma del buen vivir o vivir bien. Esto para tambi\u00e9n a desterrar el diagn\u00f3stico del Banco Mundial en el sentido de que: \u201cEn Am\u00e9rica Latina, ser ind\u00edgena aumenta las posibilidades de un individuo de ser pobre\u201d.<\/p>\n<p>Ante esta situaci\u00f3n, el claustro de la Biblioteca de Investigaci\u00f3n Juan de C\u00f3rdova en la ciudad de Oaxaca, recinto que data desde el a\u00f1o 1529, fue cede del acto inaugural del Seminario Internacional: cerrando la brecha de implementaci\u00f3n, que re\u00fane a voces de expertos\u00a0 en Am\u00e9rica Latina como: Amilcar Pop AC\u00a0 (Guatemala), Nina Pacari (Ecuador), Jaime Mart\u00ednez Veloz\u00a0 (M\u00e9xico), Silvina Ram\u00edrez (Argentina), Vianca Copa Pab\u00f3n (Bolivia), Elvia Avenda\u00f1o Villafuerte (M\u00e9xico), Jos\u00e9 Luis Evaristo Villegas (M\u00e9xico), Javier L\u00f2pez S\u00e1nchez (M\u00e9xico), Adelfo Regino Montes (M\u00e9xico) y Martha S\u00e1nchez Nestor (M\u00e9xico).<\/p>\n","protected":false},"excerpt":{"rendered":"<p>*Da inicio el Seminario Internacional: cerrando la brecha de implementaci\u00f3n. Oaxaca, M\u00e9xico, 5 de noviembre de 2015.- La ausencia, insuficiencia o ineficiencia de adecuados mecanismos de evaluaci\u00f3n y monitoreo de la aplicaci\u00f3n de las normas nacionales e internacionales de derechos humanos en la puesta en pr\u00e1ctica de programas y proyectos de desarrollo o de legislaciones [&hellip;]<\/p>\n","protected":false},"author":3,"featured_media":0,"comment_status":"open","ping_status":"closed","sticky":false,"template":"","format":"standard","meta":{"site-sidebar-layout":"default","site-content-layout":"","ast-site-content-layout":"default","site-content-style":"default","site-sidebar-style":"default","ast-global-header-display":"","ast-banner-title-visibility":"","ast-main-header-display":"","ast-hfb-above-header-display":"","ast-hfb-below-header-display":"","ast-hfb-mobile-header-display":"","site-post-title":"","ast-breadcrumbs-content":"","ast-featured-img":"","footer-sml-layout":"","ast-disable-related-posts":"","theme-transparent-header-meta":"","adv-header-id-meta":"","stick-header-meta":"","header-above-stick-meta":"","header-main-stick-meta":"","header-below-stick-meta":"","astra-migrate-meta-layouts":"default","ast-page-background-enabled":"default","ast-page-background-meta":{"desktop":{"background-color":"var(--ast-global-color-4)","background-image":"","background-repeat":"repeat","background-position":"center center","background-size":"auto","background-attachment":"scroll","background-type":"","background-media":"","overlay-type":"","overlay-color":"","overlay-opacity":"","overlay-gradient":""},"tablet":{"background-color":"","background-image":"","background-repeat":"repeat","background-position":"center center","background-size":"auto","background-attachment":"scroll","background-type":"","background-media":"","overlay-type":"","overlay-color":"","overlay-opacity":"","overlay-gradient":""},"mobile":{"background-color":"","background-image":"","background-repeat":"repeat","background-position":"center center","background-size":"auto","background-attachment":"scroll","background-type":"","background-media":"","overlay-type":"","overlay-color":"","overlay-opacity":"","overlay-gradient":""}},"ast-content-background-meta":{"desktop":{"background-color":"var(--ast-global-color-5)","background-image":"","background-repeat":"repeat","background-position":"center center","background-size":"auto","background-attachment":"scroll","background-type":"","background-media":"","overlay-type":"","overlay-color":"","overlay-opacity":"","overlay-gradient":""},"tablet":{"background-color":"var(--ast-global-color-5)","background-image":"","background-repeat":"repeat","background-position":"center center","background-size":"auto","background-attachment":"scroll","background-type":"","background-media":"","overlay-type":"","overlay-color":"","overlay-opacity":"","overlay-gradient":""},"mobile":{"background-color":"var(--ast-global-color-5)","background-image":"","background-repeat":"repeat","background-position":"center center","background-size":"auto","background-attachment":"scroll","background-type":"","background-media":"","overlay-type":"","overlay-color":"","overlay-opacity":"","overlay-gradient":""}},"footnotes":""},"categories":[1],"tags":[],"class_list":["post-233","post","type-post","status-publish","format-standard","hentry","category-uncategorized"],"jetpack_featured_media_url":"","_links":{"self":[{"href":"https:\/\/cepiadet.org\/index.php\/wp-json\/wp\/v2\/posts\/233","targetHints":{"allow":["GET"]}}],"collection":[{"href":"https:\/\/cepiadet.org\/index.php\/wp-json\/wp\/v2\/posts"}],"about":[{"href":"https:\/\/cepiadet.org\/index.php\/wp-json\/wp\/v2\/types\/post"}],"author":[{"embeddable":true,"href":"https:\/\/cepiadet.org\/index.php\/wp-json\/wp\/v2\/users\/3"}],"replies":[{"embeddable":true,"href":"https:\/\/cepiadet.org\/index.php\/wp-json\/wp\/v2\/comments?post=233"}],"version-history":[{"count":0,"href":"https:\/\/cepiadet.org\/index.php\/wp-json\/wp\/v2\/posts\/233\/revisions"}],"wp:attachment":[{"href":"https:\/\/cepiadet.org\/index.php\/wp-json\/wp\/v2\/media?parent=233"}],"wp:term":[{"taxonomy":"category","embeddable":true,"href":"https:\/\/cepiadet.org\/index.php\/wp-json\/wp\/v2\/categories?post=233"},{"taxonomy":"post_tag","embeddable":true,"href":"https:\/\/cepiadet.org\/index.php\/wp-json\/wp\/v2\/tags?post=233"}],"curies":[{"name":"wp","href":"https:\/\/api.w.org\/{rel}","templated":true}]}}