{"id":237,"date":"2015-11-10T23:21:30","date_gmt":"2015-11-10T23:21:30","guid":{"rendered":"https:\/\/cepiadet.org\/index.php\/2015\/11\/10\/necesaria-participacion-de-los-pueblos-indigenas-en-politicas-publicas-nina-pacari\/"},"modified":"2015-11-10T23:21:30","modified_gmt":"2015-11-10T23:21:30","slug":"necesaria-participacion-de-los-pueblos-indigenas-en-politicas-publicas-nina-pacari","status":"publish","type":"post","link":"https:\/\/cepiadet.org\/index.php\/2015\/11\/10\/necesaria-participacion-de-los-pueblos-indigenas-en-politicas-publicas-nina-pacari\/","title":{"rendered":"Necesaria participaci\u00f3n de los pueblos ind\u00edgenas en pol\u00edticas p\u00fablicas: Nina Pacari."},"content":{"rendered":"<p><strong><img class=\\\"alignnone wp-image-238\\\" src=\\\"https:\/\/cepiadet.files.wordpress.com\/2015\/11\/img_7978.jpg?w=300\\\" alt=\\\"IMG_7978\\\" width=\\\"386\\\" height=\\\"262\\\" \/><\/strong><\/p>\n<p><strong>+ Concluye seminario Internacional: cerrando la brecha de implementaci\u00f3n.<\/strong><\/p>\n<p><strong>Oaxaca, M\u00e9xico, 10 de noviembre de 2015.- <\/strong>Para cerrar la brecha de implementaci\u00f3n es urgente recoger la participaci\u00f3n de los pueblos ind\u00edgenas para las pol\u00edticas p\u00fablicas, afirm\u00f3 Nina Pacari, abogada ecuatoriana de nacionalidad kichwa y ex ministra de relaciones exteriores, en el cierre del Seminario Internacional: cerrando la brecha de implementaci\u00f3n, que se llev\u00f3 a cabo los d\u00edas 5 y 6 de noviembre del presente a\u00f1o en la ciudad de Oaxaca.<\/p>\n<p>Asistentes y expertos como Am\u00edlcar Pop Ac (Guatemala), Nina Pacari (Ecuador), Jaime Mart\u00ednez Veloz (M\u00e9xico), Silvina Ram\u00edrez (Argentina), Vianca Copa Pab\u00f3n (Bolivia), Elia Avenda\u00f1o\u00a0Villafuerte (M\u00e9xico), Javier L\u00f3pez S\u00e1nchez (M\u00e9xico), \u00a0Adelfo Regino Montes (M\u00e9xico) y Martha S\u00e1nchez Nestor (M\u00e9xico),\u00a0 por mencionar algunos, se reunieron estos d\u00edas en las instalaciones de la Biblioteca de Investigaci\u00f3n \u201cJuan de C\u00f3rdova\u201d con miras a la reactivaci\u00f3n de la agenda ind\u00edgena en Am\u00e9rica Latina y establecer nuevas rutas de acci\u00f3n para implementar de una forma m\u00e1s efectiva las normas existentes en materia de promoci\u00f3n y protecci\u00f3n de los derechos de los pueblos ind\u00edgenas.<\/p>\n<p>Al evento tambi\u00e9n participaron\u00a0Ana Mar\u00eda Cruz Vasconcelos, Ana Mireya Santos, Aresio Valiente, Carlos Morales S\u00e1nchez, Christi\u00e1n Steiner, David Recondo, Diego Iturralde Guerrero, Enrique Garrido, Guillermo Padilla, Juan Carlos Mart\u00ednez, javier Antonio La Rosa Calle, Jos\u00e9 Luis Reyes Hern\u00e1ndez, Judith Bautista P\u00e9rez, Luc\u00eda Tepole, Mariana Yumbay Yallico, Milka Castro, Nina Pacari, Pablo Yanes, Paola Sesia, Rub\u00e9n Paulo Ruiz P\u00e9rez, Salvador Aquino, Tom\u00e1s L\u00f3pez Sarabia, Victor Leonel Juan Mart\u00ednez, entre otros.<\/p>\n<p>En este contexto, el \u00faltimo d\u00eda de actividades, los expertos participantes al evento presentaron un informe provisorio de las conclusiones que se desarrollaron en los tres grupos de trabajo sobre las que vers\u00f3 la actividad. De esta manera, fueron Javier Antonio La Rosa Calle, Judith Bautista P\u00e9rez y V\u00edctor Leonel Juan Mart\u00ednez, coordinadores en cada una de las mesas de trabajo que conformaron los ejes tem\u00e1ticos, quienes expusieron los acuerdos finales.<\/p>\n<p>\u201cHay avances importantes en el marco de derechos de los pueblos ind\u00edgenas; sin embargo, se necesitan hacer cambios desde las propias estructuras del Estado\u201d, as\u00ed lo explic\u00f3 en su intervenci\u00f3n V\u00edctor Leonel Juan Mart\u00ednez, coordinador del grupo de trabajo denominado \u201cReconocimientos constitucionales, ausencia o debilidad en el desarrollo de legislaci\u00f3n secundaria y eliminaci\u00f3n de contradicciones normativas\u201d.<\/p>\n<p>Por su parte, el abogado Javier Antonio La Rosa Calle, de nacionalidad peruana y quien coordin\u00f3 la mesa que trabaj\u00f3: Avances y l\u00edmites jurisprudenciales y debilidades en la implementaci\u00f3n de sentencias, tanto de la corte IDH, como de cortes supremas de justicia y tribunales constitucionales en Am\u00e9rica Latina, destac\u00f3 que \u201ces crucial la especializaci\u00f3n de jueces y magistrados, as\u00ed como una sistematizaci\u00f3n de las sentencias, lo que describi\u00f3 como una especie de \u201cWikipedia de sentencias\u201d.<\/p>\n<p>En cuanto al grupo de \u201cPol\u00edticas p\u00fablicas con perspectiva intercultural: los dilemas entre el desarrollo y los derechos de los pueblos y las contradicciones entre el asistencialismo y el fortalecimiento de la autonom\u00eda de los pueblos\u201d, Judith Bautista P\u00e9rez, coordinadora, sostuvo que existe un debilitamiento de los pueblos ind\u00edgenas, una crisis del Estado y por ende, una falta de credibilidad que precisa un cambio de concepciones para cambiar las pr\u00e1cticas.<\/p>\n<p>Finalmente, para el Centro de Investigaciones y Estudios Superior en Antropolog\u00eda Social \u2013 Unidad Pac\u00edfico Sur (CIESAS), el Centro Profesional Ind\u00edgena de Asesor\u00eda, Defensa y Traducci\u00f3n, A.C. (CEPIADET) y la Fundaci\u00f3n \u201cKonrad Adenauer Stiftung\u201d (KAS), quienes coordinaron este evento, es vital seguir haciendo hincapi\u00e9 en la generaci\u00f3n de estrategias y redes intersectoriales para avanzar en la eficacia de los derechos ind\u00edgenas, de esta forma, ir con urgencia cerrando de forma paulatina la brecha de implementaci\u00f3n que existe entre las reformas constitucionales en am\u00e9rica latina y la realidad.<\/p>\n","protected":false},"excerpt":{"rendered":"<p>+ Concluye seminario Internacional: cerrando la brecha de implementaci\u00f3n. Oaxaca, M\u00e9xico, 10 de noviembre de 2015.- Para cerrar la brecha de implementaci\u00f3n es urgente recoger la participaci\u00f3n de los pueblos ind\u00edgenas para las pol\u00edticas p\u00fablicas, afirm\u00f3 Nina Pacari, abogada ecuatoriana de nacionalidad kichwa y ex ministra de relaciones exteriores, en el cierre del Seminario Internacional: [&hellip;]<\/p>\n","protected":false},"author":3,"featured_media":0,"comment_status":"open","ping_status":"closed","sticky":false,"template":"","format":"standard","meta":{"site-sidebar-layout":"default","site-content-layout":"","ast-site-content-layout":"default","site-content-style":"default","site-sidebar-style":"default","ast-global-header-display":"","ast-banner-title-visibility":"","ast-main-header-display":"","ast-hfb-above-header-display":"","ast-hfb-below-header-display":"","ast-hfb-mobile-header-display":"","site-post-title":"","ast-breadcrumbs-content":"","ast-featured-img":"","footer-sml-layout":"","ast-disable-related-posts":"","theme-transparent-header-meta":"","adv-header-id-meta":"","stick-header-meta":"","header-above-stick-meta":"","header-main-stick-meta":"","header-below-stick-meta":"","astra-migrate-meta-layouts":"default","ast-page-background-enabled":"default","ast-page-background-meta":{"desktop":{"background-color":"var(--ast-global-color-4)","background-image":"","background-repeat":"repeat","background-position":"center center","background-size":"auto","background-attachment":"scroll","background-type":"","background-media":"","overlay-type":"","overlay-color":"","overlay-opacity":"","overlay-gradient":""},"tablet":{"background-color":"","background-image":"","background-repeat":"repeat","background-position":"center center","background-size":"auto","background-attachment":"scroll","background-type":"","background-media":"","overlay-type":"","overlay-color":"","overlay-opacity":"","overlay-gradient":""},"mobile":{"background-color":"","background-image":"","background-repeat":"repeat","background-position":"center center","background-size":"auto","background-attachment":"scroll","background-type":"","background-media":"","overlay-type":"","overlay-color":"","overlay-opacity":"","overlay-gradient":""}},"ast-content-background-meta":{"desktop":{"background-color":"var(--ast-global-color-5)","background-image":"","background-repeat":"repeat","background-position":"center center","background-size":"auto","background-attachment":"scroll","background-type":"","background-media":"","overlay-type":"","overlay-color":"","overlay-opacity":"","overlay-gradient":""},"tablet":{"background-color":"var(--ast-global-color-5)","background-image":"","background-repeat":"repeat","background-position":"center center","background-size":"auto","background-attachment":"scroll","background-type":"","background-media":"","overlay-type":"","overlay-color":"","overlay-opacity":"","overlay-gradient":""},"mobile":{"background-color":"var(--ast-global-color-5)","background-image":"","background-repeat":"repeat","background-position":"center center","background-size":"auto","background-attachment":"scroll","background-type":"","background-media":"","overlay-type":"","overlay-color":"","overlay-opacity":"","overlay-gradient":""}},"footnotes":""},"categories":[1],"tags":[],"class_list":["post-237","post","type-post","status-publish","format-standard","hentry","category-uncategorized"],"jetpack_featured_media_url":"","_links":{"self":[{"href":"https:\/\/cepiadet.org\/index.php\/wp-json\/wp\/v2\/posts\/237","targetHints":{"allow":["GET"]}}],"collection":[{"href":"https:\/\/cepiadet.org\/index.php\/wp-json\/wp\/v2\/posts"}],"about":[{"href":"https:\/\/cepiadet.org\/index.php\/wp-json\/wp\/v2\/types\/post"}],"author":[{"embeddable":true,"href":"https:\/\/cepiadet.org\/index.php\/wp-json\/wp\/v2\/users\/3"}],"replies":[{"embeddable":true,"href":"https:\/\/cepiadet.org\/index.php\/wp-json\/wp\/v2\/comments?post=237"}],"version-history":[{"count":0,"href":"https:\/\/cepiadet.org\/index.php\/wp-json\/wp\/v2\/posts\/237\/revisions"}],"wp:attachment":[{"href":"https:\/\/cepiadet.org\/index.php\/wp-json\/wp\/v2\/media?parent=237"}],"wp:term":[{"taxonomy":"category","embeddable":true,"href":"https:\/\/cepiadet.org\/index.php\/wp-json\/wp\/v2\/categories?post=237"},{"taxonomy":"post_tag","embeddable":true,"href":"https:\/\/cepiadet.org\/index.php\/wp-json\/wp\/v2\/tags?post=237"}],"curies":[{"name":"wp","href":"https:\/\/api.w.org\/{rel}","templated":true}]}}