{"id":2565,"date":"2024-03-26T20:23:01","date_gmt":"2024-03-26T20:23:01","guid":{"rendered":"https:\/\/cepiadet.org\/?p=2565"},"modified":"2024-03-26T20:45:46","modified_gmt":"2024-03-26T20:45:46","slug":"presenta-cepiadet-materiales-de-campana-antirracista-en-el-merco-del-dia-internacional-contra-la-discriminacion","status":"publish","type":"post","link":"https:\/\/cepiadet.org\/index.php\/2024\/03\/26\/presenta-cepiadet-materiales-de-campana-antirracista-en-el-merco-del-dia-internacional-contra-la-discriminacion\/","title":{"rendered":"Presenta CEPIADET materiales de campa\u00f1a antirracista en el marco del D\u00eda Internacional contra la Discriminaci\u00f3n"},"content":{"rendered":"<p><img fetchpriority=\"high\" decoding=\"async\" class=\"alignnone size-medium wp-image-2569\" src=\"https:\/\/cepiadet.org\/wp-content\/uploads\/2024\/03\/433690287_715292094135819_6998639757332377473_n-300x200.jpg\" alt=\"\" width=\"300\" height=\"200\" srcset=\"https:\/\/cepiadet.org\/wp-content\/uploads\/2024\/03\/433690287_715292094135819_6998639757332377473_n-300x200.jpg 300w, https:\/\/cepiadet.org\/wp-content\/uploads\/2024\/03\/433690287_715292094135819_6998639757332377473_n-1024x683.jpg 1024w, https:\/\/cepiadet.org\/wp-content\/uploads\/2024\/03\/433690287_715292094135819_6998639757332377473_n-768x512.jpg 768w, https:\/\/cepiadet.org\/wp-content\/uploads\/2024\/03\/433690287_715292094135819_6998639757332377473_n-1536x1024.jpg 1536w, https:\/\/cepiadet.org\/wp-content\/uploads\/2024\/03\/433690287_715292094135819_6998639757332377473_n.jpg 2048w\" sizes=\"(max-width: 300px) 100vw, 300px\" \/><\/p>\n<p><em>OAXACA DE JU\u00c1REZ, Oax. 22 de marzo 2024.-<\/em> Hace algunos a\u00f1os, en el aula de un plantel del Instituto de Estudios de Bachillerato del Estado de Oaxaca (IEBO), en la comunidad de Santa Mar\u00eda Yucunicoco, se encontraba un listado de diez reglas para poder permanecer en el sal\u00f3n de clases, una de \u00e9stas era que el estudiantado no hablara mixteco, su lengua originaria.<\/p>\n<p>Ir\u00f3nicamente, fue en esa aula donde Cepiadet hab\u00eda convocado a diversas autoridades municipales de la regi\u00f3n para impartirles un taller sobre derechos ind\u00edgenas, entre estos, los derechos ling\u00fc\u00edsticos de la poblaci\u00f3n ind\u00edgena.<\/p>\n<p>Historias como \u00e9sta, son las que han conducido al Centro Profesional Ind\u00edgena de Asesor\u00eda, Defensa y Traducci\u00f3n A. C. (Cepiadet) a emprender iniciativas para contribuir en revertir tales escenarios de racismo y discriminaci\u00f3n, latentes en pleno siglo XXI.<\/p>\n<p>As\u00ed lo relat\u00f3 Tom\u00e1s L\u00f3pez Sarabia, presidente del consejo directivo de Cepiadet, durante la presentaci\u00f3n oficial de los materiales impresos y audiovisuales sobre racismo y pr\u00e1cticas antirracistas, dirigidos a instituciones del sistema de justicia estatal.<\/p>\n<p>Esta actividad se desarroll\u00f3 en el marco del D\u00eda Internacional de la Eliminaci\u00f3n de la Discriminaci\u00f3n Racial, que se conmemora cada 21 de marzo, dichos materiales fueron dados a conocer, de manera conjunta con la Defensor\u00eda de los Derechos Humanos del Pueblo de Oaxaca (DDHPO).<\/p>\n<p>A esta actividad acudieron personal de la DDHPO, defensoras y defensores p\u00fablicos, y servidores p\u00fablicos del Poder Judicial, as\u00ed como representantes de organizaciones de la sociedad civil.<\/p>\n<p>La titular de la DDHPO, Elizabeth Lara Rodr\u00edguez, record\u00f3 el origen del D\u00eda Internacional de la Eliminaci\u00f3n de la Discriminaci\u00f3n Racial, cuando en 1960 la polic\u00eda abri\u00f3 fuego y asesin\u00f3 a m\u00e1s de sesenta personas durante una manifestaci\u00f3n pac\u00edfica contra las leyes racistas del Apartheid en Sud\u00e1frica.<\/p>\n<p>A su vez, Maribel Gonz\u00e1lez Guerrero, coordinadora de la iniciativa \u201cHacia una agenda antirracista para el acceso a la justicia de las personas, pueblos y comunidades ind\u00edgenas de Campeche, Oaxaca y Yucat\u00e1n\u201d, expuso que Cepiadet desde hace casi una d\u00e9cada, ha venido construyendo este tipo de materiales, se han fortalecido y ampliado a partir del diagn\u00f3stico del proyecto mencionado. La b\u00fasqueda de los materiales es la concientizaci\u00f3n de las y los operadores de justicia del Estado respecto a los derechos ling\u00fc\u00edsticos y la urgencia de abonar a la construcci\u00f3n de un Estado pluricultural.<\/p>\n<p>Explic\u00f3 que los carteles y mensajes en espa\u00f1ol y lenguas ind\u00edgenas se est\u00e1n distribuyendo en espacios p\u00fablicos gubernamentales, en estaciones de radios comunitarias y en las redes sociales.<\/p>\n<p>En tanto, Sara M\u00e9ndez Morales, integrante del Comit\u00e9 de Defensa Integral de Derechos Humanos, Gobixha A. C. precis\u00f3 que el racismo y la discriminaci\u00f3n no son iguales pues, mientras el racismo atribuye caracter\u00edsticas esenciales a las personas entre las cuales considera aspectos f\u00edsicos, como el color de la piel, y culturales como la lengua o vestimenta, que lo determinan para darles un trato excluyente, la discriminaci\u00f3n excluye derechos de grupos hist\u00f3ricamente en desventaja a quienes niega derechos, servicios o recursos.<\/p>\n<p>De igual forma, Sara M\u00e9ndez recalc\u00f3 que hablar de razas carece de un fundamento biol\u00f3gico por lo que, asegur\u00f3 tajante, no existen \u201crazas\u201d humanas superiores ni inferiores, lo \u00fanico que pasa es que las personas poseen diferentes fenotipos.<\/p>\n<p>En su turno, Larisa Ortiz Quintero, magistrada del Tribunal Superior Agrario, hizo un exhorto a combatir el racismo que se sigue reproduciendo en diversos \u00e1mbitos p\u00fablicos y privados, y puso como ejemplo su propio caso al ser destituida de la presidencia del Tribunal Superior Agrario y haber sido cesados todos sus colaboradores con argumentos como carecer de conocimiento y experiencia para ostentar tal cargo.<\/p>\n<p>Adem\u00e1s, Ortiz Quintero enfatiz\u00f3 cobre la importancia de abonar a las pr\u00e1cticas antirracistas y exhort\u00f3 a todas las personas a expresarse en su lengua sin tener verg\u00fcenza, a usar con orgullo la ropa que heredaron de sus ancestros, y \u201ca exigir nuestros derechos con todas nuestras caracter\u00edsticas\u201d.<\/p>\n<p>Solo de esta forma, concluyeron las y los participantes, podr\u00e1n combatirse escenarios como el planteado en una reciente nota informativa que se\u00f1alaba a un servidor p\u00fablico de alto rango prohibirle a autoridades ind\u00edgenas hablar su lengua por que no estaba permitido y podr\u00eda tratarse de una maniobra para hablar mal de ellos.<\/p>\n<p>A la presentaci\u00f3n de los materiales impresos y radiof\u00f3nicos sobre racismo y pr\u00e1cticas antirracistas, dirigidos a instituciones del sistema de justicia estatal asistieron la Secretar\u00eda de Interculturalidad, Pueblos y Comunidades Ind\u00edgenas y Afromexicanas, Bertha Ruth Arreola Ruiz, el Magistrado Luis Enrique Cordero, integrante de la Sala de Justicia Ind\u00edgena del Poder Judicial, y del director de la defensor\u00eda P\u00fablica, Marcelo Merino.<\/p>\n","protected":false},"excerpt":{"rendered":"<p>OAXACA DE JU\u00c1REZ, Oax. 22 de marzo 2024.- Hace algunos a\u00f1os, en el aula de un plantel del Instituto de Estudios de Bachillerato del Estado de Oaxaca (IEBO), en la comunidad de Santa Mar\u00eda Yucunicoco, se encontraba un listado de diez reglas para poder permanecer en el sal\u00f3n de clases, una de \u00e9stas era que [&hellip;]<\/p>\n","protected":false},"author":1,"featured_media":2569,"comment_status":"open","ping_status":"closed","sticky":false,"template":"","format":"standard","meta":{"site-sidebar-layout":"default","site-content-layout":"","ast-site-content-layout":"default","site-content-style":"default","site-sidebar-style":"default","ast-global-header-display":"","ast-banner-title-visibility":"","ast-main-header-display":"","ast-hfb-above-header-display":"","ast-hfb-below-header-display":"","ast-hfb-mobile-header-display":"","site-post-title":"","ast-breadcrumbs-content":"","ast-featured-img":"","footer-sml-layout":"","ast-disable-related-posts":"","theme-transparent-header-meta":"default","adv-header-id-meta":"","stick-header-meta":"","header-above-stick-meta":"","header-main-stick-meta":"","header-below-stick-meta":"","astra-migrate-meta-layouts":"set","ast-page-background-enabled":"default","ast-page-background-meta":{"desktop":{"background-color":"var(--ast-global-color-4)","background-image":"","background-repeat":"repeat","background-position":"center center","background-size":"auto","background-attachment":"scroll","background-type":"","background-media":"","overlay-type":"","overlay-color":"","overlay-opacity":"","overlay-gradient":""},"tablet":{"background-color":"","background-image":"","background-repeat":"repeat","background-position":"center center","background-size":"auto","background-attachment":"scroll","background-type":"","background-media":"","overlay-type":"","overlay-color":"","overlay-opacity":"","overlay-gradient":""},"mobile":{"background-color":"","background-image":"","background-repeat":"repeat","background-position":"center center","background-size":"auto","background-attachment":"scroll","background-type":"","background-media":"","overlay-type":"","overlay-color":"","overlay-opacity":"","overlay-gradient":""}},"ast-content-background-meta":{"desktop":{"background-color":"var(--ast-global-color-5)","background-image":"","background-repeat":"repeat","background-position":"center center","background-size":"auto","background-attachment":"scroll","background-type":"","background-media":"","overlay-type":"","overlay-color":"","overlay-opacity":"","overlay-gradient":""},"tablet":{"background-color":"var(--ast-global-color-5)","background-image":"","background-repeat":"repeat","background-position":"center center","background-size":"auto","background-attachment":"scroll","background-type":"","background-media":"","overlay-type":"","overlay-color":"","overlay-opacity":"","overlay-gradient":""},"mobile":{"background-color":"var(--ast-global-color-5)","background-image":"","background-repeat":"repeat","background-position":"center center","background-size":"auto","background-attachment":"scroll","background-type":"","background-media":"","overlay-type":"","overlay-color":"","overlay-opacity":"","overlay-gradient":""}},"footnotes":""},"categories":[13],"tags":[19,16,18,17],"class_list":["post-2565","post","type-post","status-publish","format-standard","has-post-thumbnail","hentry","category-boletines","tag-campana","tag-diversidad","tag-materiales","tag-racismo"],"jetpack_featured_media_url":"https:\/\/cepiadet.org\/wp-content\/uploads\/2024\/03\/433690287_715292094135819_6998639757332377473_n.jpg","_links":{"self":[{"href":"https:\/\/cepiadet.org\/index.php\/wp-json\/wp\/v2\/posts\/2565","targetHints":{"allow":["GET"]}}],"collection":[{"href":"https:\/\/cepiadet.org\/index.php\/wp-json\/wp\/v2\/posts"}],"about":[{"href":"https:\/\/cepiadet.org\/index.php\/wp-json\/wp\/v2\/types\/post"}],"author":[{"embeddable":true,"href":"https:\/\/cepiadet.org\/index.php\/wp-json\/wp\/v2\/users\/1"}],"replies":[{"embeddable":true,"href":"https:\/\/cepiadet.org\/index.php\/wp-json\/wp\/v2\/comments?post=2565"}],"version-history":[{"count":6,"href":"https:\/\/cepiadet.org\/index.php\/wp-json\/wp\/v2\/posts\/2565\/revisions"}],"predecessor-version":[{"id":2573,"href":"https:\/\/cepiadet.org\/index.php\/wp-json\/wp\/v2\/posts\/2565\/revisions\/2573"}],"wp:featuredmedia":[{"embeddable":true,"href":"https:\/\/cepiadet.org\/index.php\/wp-json\/wp\/v2\/media\/2569"}],"wp:attachment":[{"href":"https:\/\/cepiadet.org\/index.php\/wp-json\/wp\/v2\/media?parent=2565"}],"wp:term":[{"taxonomy":"category","embeddable":true,"href":"https:\/\/cepiadet.org\/index.php\/wp-json\/wp\/v2\/categories?post=2565"},{"taxonomy":"post_tag","embeddable":true,"href":"https:\/\/cepiadet.org\/index.php\/wp-json\/wp\/v2\/tags?post=2565"}],"curies":[{"name":"wp","href":"https:\/\/api.w.org\/{rel}","templated":true}]}}