{"id":2922,"date":"2025-05-09T19:35:47","date_gmt":"2025-05-09T19:35:47","guid":{"rendered":"https:\/\/cepiadet.org\/?p=2922"},"modified":"2025-05-09T19:38:31","modified_gmt":"2025-05-09T19:38:31","slug":"informe-anual-cepiadet-2024","status":"publish","type":"post","link":"https:\/\/cepiadet.org\/index.php\/2025\/05\/09\/informe-anual-cepiadet-2024\/","title":{"rendered":"INFORME ANUAL CEPIADET 2024"},"content":{"rendered":"<h1 style=\"text-align: center\">INFORME ANUAL CEPIADET 2024<\/h1>\n<p>&nbsp;<\/p>\n<p><span style=\"font-weight: 400\">Durante 2024, CEPIADET reafirm\u00f3 su compromiso con la defensa y promoci\u00f3n de los derechos de los pueblos y comunidades ind\u00edgenas, a trav\u00e9s de acciones colectivas que se fundamentan en principios de respeto, trabajo comunitario, responsabilidad compartida y una perspectiva horizontal. Este informe da cuenta del quehacer institucional distribuido en ocho coordinaciones tem\u00e1ticas, cuyo trabajo conjunto impact\u00f3 a una poblaci\u00f3n usuaria superior a las cien personas por \u00e1rea, y con presencia en m\u00faltiples regiones del pa\u00eds y del extranjero.<\/span><\/p>\n<p>&nbsp;<\/p>\n<h2><b>Coordinaci\u00f3n de Comunicaci\u00f3n<\/b><\/h2>\n<p><span style=\"font-weight: 400\">Esta coordinaci\u00f3n fortaleci\u00f3 la estrategia de difusi\u00f3n institucional a trav\u00e9s de redes sociales, producci\u00f3n radiof\u00f3nica, dise\u00f1o gr\u00e1fico y materiales impresos. Entre sus acciones destacadas figuran:<\/span><\/p>\n<ul>\n<li style=\"font-weight: 400\"><span style=\"font-weight: 400\">Producci\u00f3n del programa \u201cDiversidad Sin Racismo\u201d (19 emisiones transmitidas).<\/span><\/li>\n<li style=\"font-weight: 400\"><span style=\"font-weight: 400\">Presentaci\u00f3n del micrositio \u201cNo Me Lastimes\u2026 Los Derechos Viven en Todas las Lenguas\u201d.<\/span><\/li>\n<li style=\"font-weight: 400\"><span style=\"font-weight: 400\">Lanzamiento de campa\u00f1as antirracistas y transmisiones en vivo de seminarios y documentales.<\/span><\/li>\n<li style=\"font-weight: 400\"><span style=\"font-weight: 400\">Incursi\u00f3n en nuevas plataformas como TikTok.<\/span><\/li>\n<li style=\"font-weight: 400\"><span style=\"font-weight: 400\">Producci\u00f3n y difusi\u00f3n de 40 programas radiof\u00f3nicos \u201cNuestros Pueblos Nuestros derechos\u201d.<\/span><\/li>\n<\/ul>\n<p><span style=\"font-weight: 400\">Estas acciones se dirigieron a p\u00fablicos diversos, incluyendo personas ind\u00edgenas, autoridades comunitarias, servidores p\u00fablicos, y organizaciones de la sociedad civil. La cobertura alcanz\u00f3 no solo diversos estados del pa\u00eds, sino tambi\u00e9n pa\u00edses de Am\u00e9rica Latina y Europa.<\/span><\/p>\n<p>&nbsp;<\/p>\n<h2><b>Coordinaci\u00f3n de Contabilidad<\/b><\/h2>\n<p><span style=\"font-weight: 400\">En coherencia con su car\u00e1cter no lucrativo, CEPIADET continu\u00f3 fortaleciendo su estructura administrativa y financiera. Se realizaron registros contables, informes financieros, presupuestos y manejo de banca electr\u00f3nica. En 2024, los gastos ejercidos ascendieron a $8,456,252.79 MXN, reflejo del crecimiento sostenido y la diversificaci\u00f3n de fuentes de ingreso.<\/span><\/p>\n<p><span style=\"font-weight: 400\">Adicionalmente, se realizaron auditor\u00edas externas a los estados financieros de la organizaci\u00f3n, pr\u00e1ctica que se realiza desde el 2021.<\/span><\/p>\n<p>&nbsp;<\/p>\n<h2><b>Coordinaci\u00f3n de Incidencia, Investigaci\u00f3n y Di\u00e1logo Intercultural<\/b><\/h2>\n<p><span style=\"font-weight: 400\">Esta coordinaci\u00f3n mantuvo la representaci\u00f3n p\u00fablica del CEPIADET a trav\u00e9s de:<\/span><\/p>\n<ul>\n<li style=\"font-weight: 400\"><span style=\"font-weight: 400\">Firma de convenios de colaboraci\u00f3n con Poderes Judiciales de Yucat\u00e1n, Campeche, Yucat\u00e1n, Quintana Roo, Fiscal\u00edas de Campeche, Yucat\u00e1n, Oaxaca, Defensor\u00eda P\u00fablica del Estado de Oaxaca, Defensor\u00eda de los Derechos humanos del Pueblo de Oaxaca, Comisi\u00f3n de Derechos Humanos de Puebla, Suprema Corte de Justicia de la Naci\u00f3n.<\/span><\/li>\n<\/ul>\n<ul>\n<li style=\"font-weight: 400\"><span style=\"font-weight: 400\">Dise\u00f1o e implementaci\u00f3n del seminario \u201cDerechos de los Pueblos Ind\u00edgenas entre lo Hist\u00f3rico y lo Contempor\u00e1neo\u201d en coordinaci\u00f3n con la Universidad La Salle -Oaxaca y la Biblioteca de Investigaci\u00f3n Juan de C\u00f3rdova.<\/span><\/li>\n<li style=\"font-weight: 400\"><span style=\"font-weight: 400\">Dise\u00f1o e implementaci\u00f3n del \u201cSemillero de Abogas Ind\u00edgenas y Afromexicanas\u201d en coordinaci\u00f3n con la Suprema Corte de Justicia de la Naci\u00f3n y la Red Alas.\u00a0<\/span><\/li>\n<li style=\"font-weight: 400\"><span style=\"font-weight: 400\">Generaci\u00f3n de criterios editoriales para la publicaci\u00f3n de materiales de la Organizaci\u00f3n.<\/span><\/li>\n<li style=\"font-weight: 400\"><span style=\"font-weight: 400\">Se fortalecieron alianzas con instituciones acad\u00e9micas, organismos gubernamentales, comunidades ind\u00edgenas y consolidando una visi\u00f3n intercultural de los derechos.<\/span><\/li>\n<li style=\"font-weight: 400\"><span style=\"font-weight: 400\">CEPIADET forma parte de las siguientes redes de trabajo: Grupo Interdisciplinario Intercultural contra la tortura y la desaparici\u00f3n, Observatorio de G\u00e9nero y Justicia, Plataforma de Derechos Humanos en Oaxaca, Red Nacional de Int\u00e9rpretes y Traductores de Lenguas Ind\u00edgenas.<\/span><\/li>\n<li style=\"font-weight: 400\"><span style=\"font-weight: 400\">Realizaci\u00f3n de un Di\u00e1logo entre justicias. (Autoridades comunitarias y estatales de Oaxaca, Campeche, yucat\u00e1n y Quintana Roo)<\/span><\/li>\n<li style=\"font-weight: 400\"><span style=\"font-weight: 400\">Generaci\u00f3n de lineamientos para la implementaci\u00f3n de talleres digiridos a Ni\u00f1as, Ni\u00f1os y Adolescentes ind\u00edgenas.\u00a0<\/span><\/li>\n<\/ul>\n<p>&nbsp;<\/p>\n<h2><b>Coordinaci\u00f3n de Int\u00e9rpretes y Traductores<\/b><\/h2>\n<p><span style=\"font-weight: 400\">Como referente nacional en derechos ling\u00fc\u00edsticos, esta coordinaci\u00f3n se enfoc\u00f3 en:<\/span><\/p>\n<ul>\n<li style=\"font-weight: 400\"><span style=\"font-weight: 400\">Procesos de certificaci\u00f3n de 52 int\u00e9rpretes en Ciudad de M\u00e9xico, Baja California y Oaxaca.<\/span><\/li>\n<li style=\"font-weight: 400\"><span style=\"font-weight: 400\">Traducci\u00f3n de leyes en materia de tortura y desaparici\u00f3n en lenguas ind\u00edgenas (Yaqui, Popoluca, Popoloca).<\/span><\/li>\n<li style=\"font-weight: 400\"><span style=\"font-weight: 400\">Servicios de Traducci\u00f3n a 19 lenguas ind\u00edgenas de informaci\u00f3n sobre elementos de seguridad de billetes y monedas del Banco de M\u00e9xico.<\/span><\/li>\n<li style=\"font-weight: 400\"><span style=\"font-weight: 400\">Servicios de interpretaci\u00f3n para instituciones como Instituto Estatal Electoral y de Participaci\u00f3n Ciudadana de Oaxaca, Tribunales Federales y Estatales en Estados Unidos,\u00a0 Corporaci\u00f3n Oaxaque\u00f1a de Radio y Televisi\u00f3n y Fiscal\u00eda General del Estado de Oaxaca.<\/span><\/li>\n<\/ul>\n<p><span style=\"font-weight: 400\">El trabajo implic\u00f3 una coordinaci\u00f3n transversal con otras coordinaciones y una cobertura geogr\u00e1fica amplia que abarc\u00f3 desde Oaxaca hasta Tijuana, La Paz y M\u00e9rida.<\/span><\/p>\n<p>&nbsp;<\/p>\n<h2><b>Coordinaci\u00f3n Jur\u00eddica y de Litigio Estrat\u00e9gico<\/b><b><\/b><\/h2>\n<p><span style=\"font-weight: 400\">Esta coordinaci\u00f3n impuls\u00f3 acciones para la defensa integral de los derechos ind\u00edgenas mediante:<\/span><\/p>\n<ul>\n<li style=\"font-weight: 400\"><span style=\"font-weight: 400\">Participaci\u00f3n en espacios acad\u00e9micos y formaci\u00f3n para int\u00e9rpretes.<\/span><\/li>\n<li style=\"font-weight: 400\"><span style=\"font-weight: 400\">Presentaci\u00f3n de recursos jur\u00eddicos y generaci\u00f3n de opiniones consultivas en casos relacionados con derechos de personas, comunidades y Pueblos Ind\u00edgenas.<\/span><\/li>\n<li style=\"font-weight: 400\"><span style=\"font-weight: 400\">Asesor\u00eda a personas y autoridades comunitarias.<\/span><\/li>\n<li style=\"font-weight: 400\"><span style=\"font-weight: 400\">Presentaci\u00f3n de dos recursos legales relacionados:\u00a0<\/span><\/li>\n<\/ul>\n<ol>\n<li><span style=\"font-weight: 400\">a) Caso de tortura Marcelino Mej\u00eda Garc\u00eda \u2013 Ind\u00edgena Mixteco<\/span><\/li>\n<li><span style=\"font-weight: 400\">b) Caso Int\u00e9rpretes, adeudos de servicios de interpretaci\u00f3n por parte del Poder Judicial Federal.<\/span><\/li>\n<\/ol>\n<p><span style=\"font-weight: 400\">La atenci\u00f3n brindada benefici\u00f3 principalmente a personas ind\u00edgenas, autoridades comunitarias y operadores jur\u00eddicos. Por la naturaleza del trabajo, la cobertura geogr\u00e1fica es amplia, aunque dif\u00edcil de delimitar.<\/span><\/p>\n<p>&nbsp;<\/p>\n<h2><b>Coordinaci\u00f3n de Proyectos<\/b><\/h2>\n<p><span style=\"font-weight: 400\">La Coordinaci\u00f3n de Proyectos avanz\u00f3 en:<\/span><\/p>\n<ul>\n<li style=\"font-weight: 400\"><span style=\"font-weight: 400\">Fortalecimiento interno a trav\u00e9s de una consultor\u00eda para la formulaci\u00f3n de proyectos.<\/span><\/li>\n<li style=\"font-weight: 400\"><span style=\"font-weight: 400\">Participaci\u00f3n en el programa RA\u00cdCES (fortalecimiento de organizaciones de base en la Pen\u00ednsula de Yucat\u00e1n)<\/span><\/li>\n<li style=\"font-weight: 400\"><span style=\"font-weight: 400\">Formulaci\u00f3n de 14 proyectos y planes de trabajo con organismos nacionales e internacionales.<\/span><\/li>\n<li style=\"font-weight: 400\"><span style=\"font-weight: 400\">Evaluaci\u00f3n y seguimiento de iniciativas en colaboraci\u00f3n con instituciones como RENACE, INPI, Fundaci\u00f3n Kellogg, entre otras.<\/span><\/li>\n<li style=\"font-weight: 400\"><span style=\"font-weight: 400\">Generaci\u00f3n del Plan de Monitoreo, evaluaci\u00f3n y seguimiento a 5 a\u00f1os de la organizaci\u00f3n, con el acompa\u00f1amiento de Investigaci\u00f3n en Salud y Demograf\u00eda S.C. (INSAD).\u00a0<\/span><\/li>\n<\/ul>\n<p>&nbsp;<\/p>\n<h2><strong>Coordinaci\u00f3n de Relaciones Humanas<\/strong><\/h2>\n<p><span style=\"font-weight: 400\">Con una perspectiva de derechos humanos, interculturalidad, g\u00e9nero y antirracismo, esta coordinaci\u00f3n enfoc\u00f3 sus esfuerzos en:<\/span><\/p>\n<ul>\n<li style=\"font-weight: 400\"><span style=\"font-weight: 400\">Generaci\u00f3n e implementaci\u00f3n de los manuales operativos por coordinaci\u00f3n de la Organizaci\u00f3n.<\/span><\/li>\n<li style=\"font-weight: 400\"><span style=\"font-weight: 400\">Asesor\u00eda fiscal a colaboradores y gesti\u00f3n de sus derechos laborales.<\/span><\/li>\n<li style=\"font-weight: 400\"><span style=\"font-weight: 400\">Seguimiento administrativo a todas las coordinaciones del CEPIADET.<\/span><\/li>\n<li style=\"font-weight: 400\"><span style=\"font-weight: 400\">Consolidaci\u00f3n integral: fiscal y administrativa, a trav\u00e9s de la consultor\u00eda con CREATURA SC.<\/span><\/li>\n<li style=\"font-weight: 400\"><span style=\"font-weight: 400\">Participaci\u00f3n en los \u201cDi\u00e1logos Intergeneracionales\u201d entre OSC\u00b4s.<\/span><\/li>\n<li style=\"font-weight: 400\"><span style=\"font-weight: 400\">Implementaci\u00f3n de un programa de acompa\u00f1amiento psicosocial a integrantes de la organizaci\u00f3n.<\/span><\/li>\n<li style=\"font-weight: 400\"><span style=\"font-weight: 400\">Implementaci\u00f3n de un programa educativo para la prevenci\u00f3n y atenci\u00f3n al acoso sexual.<\/span><\/li>\n<li style=\"font-weight: 400\"><span style=\"font-weight: 400\">Implementaci\u00f3n de un proceso formativo desde el enfoque de derechos de Ni\u00f1as, Ni\u00f1os y Adolescentes ind\u00edgenas.<\/span><\/li>\n<\/ul>\n<p><span style=\"font-weight: 400\">Este trabajo fortaleci\u00f3 el clima laboral interno y la coherencia institucional con los valores que promueve externamente.<\/span><\/p>\n<h2><\/h2>\n<h2><b>Cobertura geogr\u00e1fica\u00a0<\/b><\/h2>\n<p><span style=\"font-weight: 400\">Entidades federativas: Oaxaca, Yucat\u00e1n, Quintana Roo, Veracruz, Puebla, Campeche, Sonora, Jalisco, Ciudad de M\u00e9xico, Chihuahua, Chiapas, Guerrero, Durango, Estado de M\u00e9xico, Quer\u00e9taro, Michoac\u00e1n y Baja California.<\/span><\/p>\n<p><span style=\"font-weight: 400\">Internacional: Estados Unidos, Colombia, Per\u00fa, Argentina, Guatemala, Bolivia, Chile, Ecuador, y Espa\u00f1a.<\/span><\/p>\n<h2><\/h2>\n<h2><b>Beneficiarias:<\/b><\/h2>\n<table>\n<tbody>\n<tr>\n<td colspan=\"2\">\n<p style=\"text-align: center\"><span style=\"font-weight: 400\">Directa<\/span><\/p>\n<\/td>\n<td style=\"text-align: center\" colspan=\"2\"><span style=\"font-weight: 400\">Indirecta<\/span><\/td>\n<td style=\"text-align: center\"><span style=\"font-weight: 400\">Ind\u00edgenas<\/span><\/td>\n<td style=\"text-align: center\"><span style=\"font-weight: 400\">No ind\u00edgenas<\/span><\/td>\n<\/tr>\n<tr>\n<td><b>Hombres<\/b><\/td>\n<td><span style=\"font-weight: 400\">176<\/span><\/td>\n<td><span style=\"font-weight: 400\">Hombres<\/span><\/td>\n<td><span style=\"font-weight: 400\">374,653<\/span><\/td>\n<td><span style=\"font-weight: 400\">374,705<\/span><\/td>\n<td><span style=\"font-weight: 400\">36<\/span><\/td>\n<\/tr>\n<tr>\n<td><b>Mujeres<\/b><\/td>\n<td><span style=\"font-weight: 400\">238<\/span><\/td>\n<td><span style=\"font-weight: 400\">Mujeres:<\/span><\/td>\n<td><span style=\"font-weight: 400\">334,298<\/span><\/td>\n<td><span style=\"font-weight: 400\">334,309<\/span><\/td>\n<td><span style=\"font-weight: 400\">51<\/span><\/td>\n<\/tr>\n<\/tbody>\n<\/table>\n<p style=\"text-align: center\">\n<h2><b>Transparencia:<\/b><b><\/b><\/h2>\n<p><span style=\"font-weight: 400\">El <\/span><b>Centro Profesional Ind\u00edgena de Asesor\u00eda, Defensa y Traducci\u00f3n<\/b><span style=\"font-weight: 400\">, Asociaci\u00f3n Civil, financia su trabajo a trav\u00e9s del apoyo de organismos multilaterales, fundaciones privadas, otras organizaciones, universidades y en menor medida en la venta de servicios. A continuaci\u00f3n enunciamos algunos donantes:<\/span><\/p>\n<ul>\n<li style=\"font-weight: 400\"><span style=\"font-weight: 400\">Fundaci\u00f3n W.K. Kellogg<\/span><\/li>\n<li style=\"font-weight: 400\"><span style=\"font-weight: 400\">Fundaci\u00f3n Gerda Henkel\u00a0<\/span><\/li>\n<li style=\"font-weight: 400\"><span style=\"font-weight: 400\">DaiGlobal, LLC<\/span><\/li>\n<li style=\"font-weight: 400\"><span style=\"font-weight: 400\">Wellspring Philanthropic<\/span><\/li>\n<li style=\"font-weight: 400\"><span style=\"font-weight: 400\">Instituto Internacional sobre Raza e Igualdad<\/span><\/li>\n<li style=\"font-weight: 400\"><span style=\"font-weight: 400\">Chemonics International Inc<\/span><\/li>\n<li style=\"font-weight: 400\"><span style=\"font-weight: 400\">Banco de M\u00e9xico<\/span><\/li>\n<li style=\"font-weight: 400\"><span style=\"font-weight: 400\">Consejo de la Judicatura Federal<\/span><\/li>\n<li style=\"font-weight: 400\"><span style=\"font-weight: 400\">Instituto Estatatal Electoral y de Participaci\u00f3n Ciudadana de Oaxaca<\/span><\/li>\n<li style=\"font-weight: 400\"><span style=\"font-weight: 400\">The Hunter Project<\/span><\/li>\n<\/ul>\n<p>&nbsp;<\/p>\n<h2><b>Conclusiones y perspectivas<\/b><b><\/b><\/h2>\n<p><span style=\"font-weight: 400\">2024, fue un a\u00f1o de consolidaci\u00f3n, articulaci\u00f3n y crecimiento para CEPIADET. A trav\u00e9s de sus distintas coordinaciones, se logr\u00f3 avanzar en el fortalecimiento institucional, la incidencia pol\u00edtica y el acompa\u00f1amiento a comunidades ind\u00edgenas. Para 2025, se vislumbra como prioridad la implementaci\u00f3n del Plan Estrat\u00e9gico 2025-2030, la ampliaci\u00f3n de redes de colaboraci\u00f3n, y la profundizaci\u00f3n del enfoque de derechos desde una visi\u00f3n intercultural y comunitaria.<\/span><\/p>\n<p><br style=\"font-weight: 400\" \/><br style=\"font-weight: 400\" \/><\/p>\n","protected":false},"excerpt":{"rendered":"<p>INFORME ANUAL CEPIADET 2024 &nbsp; Durante 2024, CEPIADET reafirm\u00f3 su compromiso con la defensa y promoci\u00f3n de los derechos de los pueblos y comunidades ind\u00edgenas, a trav\u00e9s de acciones colectivas que se fundamentan en principios de respeto, trabajo comunitario, responsabilidad compartida y una perspectiva horizontal. Este informe da cuenta del quehacer institucional distribuido en ocho [&hellip;]<\/p>\n","protected":false},"author":4,"featured_media":2925,"comment_status":"open","ping_status":"closed","sticky":false,"template":"","format":"standard","meta":{"site-sidebar-layout":"default","site-content-layout":"","ast-site-content-layout":"default","site-content-style":"default","site-sidebar-style":"default","ast-global-header-display":"","ast-banner-title-visibility":"","ast-main-header-display":"","ast-hfb-above-header-display":"","ast-hfb-below-header-display":"","ast-hfb-mobile-header-display":"","site-post-title":"","ast-breadcrumbs-content":"","ast-featured-img":"","footer-sml-layout":"","ast-disable-related-posts":"","theme-transparent-header-meta":"default","adv-header-id-meta":"","stick-header-meta":"","header-above-stick-meta":"","header-main-stick-meta":"","header-below-stick-meta":"","astra-migrate-meta-layouts":"set","ast-page-background-enabled":"default","ast-page-background-meta":{"desktop":{"background-color":"var(--ast-global-color-4)","background-image":"","background-repeat":"repeat","background-position":"center center","background-size":"auto","background-attachment":"scroll","background-type":"","background-media":"","overlay-type":"","overlay-color":"","overlay-opacity":"","overlay-gradient":""},"tablet":{"background-color":"","background-image":"","background-repeat":"repeat","background-position":"center center","background-size":"auto","background-attachment":"scroll","background-type":"","background-media":"","overlay-type":"","overlay-color":"","overlay-opacity":"","overlay-gradient":""},"mobile":{"background-color":"","background-image":"","background-repeat":"repeat","background-position":"center center","background-size":"auto","background-attachment":"scroll","background-type":"","background-media":"","overlay-type":"","overlay-color":"","overlay-opacity":"","overlay-gradient":""}},"ast-content-background-meta":{"desktop":{"background-color":"var(--ast-global-color-5)","background-image":"","background-repeat":"repeat","background-position":"center center","background-size":"auto","background-attachment":"scroll","background-type":"","background-media":"","overlay-type":"","overlay-color":"","overlay-opacity":"","overlay-gradient":""},"tablet":{"background-color":"var(--ast-global-color-5)","background-image":"","background-repeat":"repeat","background-position":"center center","background-size":"auto","background-attachment":"scroll","background-type":"","background-media":"","overlay-type":"","overlay-color":"","overlay-opacity":"","overlay-gradient":""},"mobile":{"background-color":"var(--ast-global-color-5)","background-image":"","background-repeat":"repeat","background-position":"center center","background-size":"auto","background-attachment":"scroll","background-type":"","background-media":"","overlay-type":"","overlay-color":"","overlay-opacity":"","overlay-gradient":""}},"footnotes":""},"categories":[1],"tags":[],"class_list":["post-2922","post","type-post","status-publish","format-standard","has-post-thumbnail","hentry","category-uncategorized"],"jetpack_featured_media_url":"https:\/\/cepiadet.org\/wp-content\/uploads\/2025\/05\/482017709_946260624372297_3284048920684834036_n-1.jpg","_links":{"self":[{"href":"https:\/\/cepiadet.org\/index.php\/wp-json\/wp\/v2\/posts\/2922","targetHints":{"allow":["GET"]}}],"collection":[{"href":"https:\/\/cepiadet.org\/index.php\/wp-json\/wp\/v2\/posts"}],"about":[{"href":"https:\/\/cepiadet.org\/index.php\/wp-json\/wp\/v2\/types\/post"}],"author":[{"embeddable":true,"href":"https:\/\/cepiadet.org\/index.php\/wp-json\/wp\/v2\/users\/4"}],"replies":[{"embeddable":true,"href":"https:\/\/cepiadet.org\/index.php\/wp-json\/wp\/v2\/comments?post=2922"}],"version-history":[{"count":2,"href":"https:\/\/cepiadet.org\/index.php\/wp-json\/wp\/v2\/posts\/2922\/revisions"}],"predecessor-version":[{"id":2926,"href":"https:\/\/cepiadet.org\/index.php\/wp-json\/wp\/v2\/posts\/2922\/revisions\/2926"}],"wp:featuredmedia":[{"embeddable":true,"href":"https:\/\/cepiadet.org\/index.php\/wp-json\/wp\/v2\/media\/2925"}],"wp:attachment":[{"href":"https:\/\/cepiadet.org\/index.php\/wp-json\/wp\/v2\/media?parent=2922"}],"wp:term":[{"taxonomy":"category","embeddable":true,"href":"https:\/\/cepiadet.org\/index.php\/wp-json\/wp\/v2\/categories?post=2922"},{"taxonomy":"post_tag","embeddable":true,"href":"https:\/\/cepiadet.org\/index.php\/wp-json\/wp\/v2\/tags?post=2922"}],"curies":[{"name":"wp","href":"https:\/\/api.w.org\/{rel}","templated":true}]}}