{"id":301,"date":"2015-11-26T20:09:51","date_gmt":"2015-11-26T20:09:51","guid":{"rendered":"https:\/\/cepiadet.org\/index.php\/2015\/11\/26\/comunicado-de-tlalixtac-2\/"},"modified":"2015-11-26T20:09:51","modified_gmt":"2015-11-26T20:09:51","slug":"comunicado-de-tlalixtac-2","status":"publish","type":"post","link":"https:\/\/cepiadet.org\/index.php\/2015\/11\/26\/comunicado-de-tlalixtac-2\/","title":{"rendered":"Comunicado de Tlalixtac"},"content":{"rendered":"<p style=\\\"text-align:right;\\\"><img class=\\\"alignnone size-full wp-image-299\\\" src=\\\"https:\/\/cepiadet.files.wordpress.com\/2015\/11\/12305755_1216573535026069_969415468_n.jpg\\\" alt=\\\"12305755_1216573535026069_969415468_n\\\" width=\\\"960\\\" height=\\\"539\\\" \/><\/p>\n<p style=\\\"text-align:right;\\\">\n<p style=\\\"text-align:right;\\\">Tlalixtac de Cabrera, Oaxaca, a 25 de noviembre de 2015.<\/p>\n<p>&nbsp;<\/p>\n<p>&#8211; Lic. Gabino Cu\u00e9 Monteagudo, Gobernador Constitucional del Estado de Oaxaca.<\/p>\n<p>&#8211; C. Diputados integrantes de la LXII Legislatura del Estado de Oaxaca.<\/p>\n<p><strong>&#8211; <\/strong>Mtro. Gustavo Meixueiro N\u00e1jera,<span style=\\\"color:#000000;\\\">\u00a0<\/span>Consejero Presidente del Instituto Estatal Electoral y de Participaci\u00f3n Ciudadana de Oaxaca (IEEPCO).<\/p>\n<p>&#8211; Lic. Adelfo Regino Montes, Secretario de Asuntos Ind\u00edgenas del Gobierno del Estado de Oaxaca.<\/p>\n<p>&#8211; Lic. Arturo de Jes\u00fas Peimbert Calvo, Defensor de los Derechos Humanos del Pueblo de Oaxaca.<\/p>\n<p>&#8211; A toda las distintas Organizaciones y Asociaciones que trabajan en la defensa de los Derechos Humanos, en especial de los Pueblos y Comunidades Ind\u00edgenas y afromexicanas.<\/p>\n<p>&#8211; A todos los medios de comunicaci\u00f3n local, nacional y extranjera.<\/p>\n<p>&#8211; A la opini\u00f3n publica<\/p>\n<p>Los que suscribimos integrantes de la Comisi\u00f3n para la Observancia del Proceso de Entrega-Recepci\u00f3n y Acreditaci\u00f3n de los Nuevos Concejales en las diversas Instancias Gubernamentales e integrantes de la Asamblea General de Ciudadanos de la comunidad de Tlalixtac de Cabrera, Oaxaca, en relaci\u00f3n a la informaci\u00f3n tergiversada y parcial que ha circulado en distintos medios de comunicaci\u00f3n respecto de la destituci\u00f3n de todo el cabildo municipal electo para el periodo 2014-2016, informamos y precisamos lo siguiente:<\/p>\n<p><strong>1.-<\/strong> Tlalixtac de Cabrera, Oaxaca, es una comunidad ind\u00edgena que tiene una organizaci\u00f3n social basada en un sistema normativo interno. De esta forma, desde siempre hemos \u00a0ejercido el derecho a la libre determinaci\u00f3n y autonom\u00eda que implica la posibilidad \u00a0de definir nuestras propias formas de organizaci\u00f3n social, econ\u00f3mica, pol\u00edtica y cultural, al respecto, es de destacarse el derecho a la organizaci\u00f3n pol\u00edtica propia, porque de \u00e9l se desprende la capacidad de definir sus propias instituciones nombrando a las autoridades de acuerdo a nuestros propios sistemas normativos.<\/p>\n<p><strong>2.-<\/strong> Este derecho a la libre determinaci\u00f3n y autonom\u00eda se encuentra preponderantemente protegido por el Convenio 169 de la OIT, la Declaraci\u00f3n de Naciones Unidas sobre Derechos de los Pueblos Ind\u00edgenas, la Constituci\u00f3n Federal y la Local,\u00a0 por ello, con base a esta normatividad, el d\u00eda 27 de agosto de 2013, fueron nombrados en asamblea como concejales del Ayuntamiento de Tlalixtac de Cabrera, Oaxaca, los ciudadanos Guillermo Regino Hern\u00e1ndez, Anastasio Santiago Lorenzo, Crisp\u00edn Santiago Calder\u00f3n, Eugenio Santiago Lorenzo, Crescencio Hern\u00e1ndez L\u00f3pez, Ricardo Cabrera Hern\u00e1ndez, Francisco Garc\u00eda Manuel, Pedro L\u00f3pez L\u00f3pez, Jos\u00e9 Hern\u00e1ndez Yescas y Daniel L\u00f3pez Lorenzo. El primero de los mencionados, Guillermo Regino Hern\u00e1ndez, fue designado como presidente municipal constitucional de nuestra comunidad, y junto con los dem\u00e1s, se determin\u00f3 en ese momento que desempe\u00f1ar\u00edan sus responsabilidades para el periodo comprendido 2014 \u2013 2016.<\/p>\n<p><strong>3.-<\/strong> No obstante, el d\u00eda 27 de marzo del a\u00f1o 2014, ante la Asamblea General de la poblaci\u00f3n, los se\u00f1ores CRISP\u00cdN SANTIAGO CALDER\u00d3N y LUIS MIGUEL BAUTISTA CABRERA, que en ese entonces fung\u00edan como \u00a0Regidor de Hacienda y Tesorero del H. Ayuntamiento de Tlalixtac de Cabrera, Oaxaca, respectivamente, denunciaron p\u00fablicamente las irregularidades en la administraci\u00f3n municipal que fueron generadas por los integrantes del H. Ayuntamiento y la empresa denominada \u201cCORPORATIVO MNS S.A de C.V.\u201d, la cual fue contratada para brindar asesor\u00eda contable y de administraci\u00f3n gubernamental al municipio. En la misma asamblea, tambi\u00e9n dieron a conocer la existencia de desv\u00edos de recursos, manipulaci\u00f3n de cuentas cheques o que se exped\u00edan sin solicitar el consentimiento y firma del propio Regidor de Hacienda.<\/p>\n<p><strong>4.-<\/strong> Por tal circunstancia, conforme a nuestra pr\u00e1ctica comunitaria, en los d\u00edas 4 de septiembre y 16 de octubre del a\u00f1o 2014, se realizaron otras asambleas con el objetivo de dar seguimiento al cumplimiento de los acuerdos adoptados con anterioridad y consistentes en la aclaraci\u00f3n de dichas irregularidades reveladas. Entre otros aspectos, se hab\u00eda determinado la recisi\u00f3n del contrato con el \u201cCORPORATIVO MNS S.A de C.V.\u201d, pese a esto, continuaban laborando. Esto origin\u00f3 que los C. CRISP\u00cdN SANTIAGO CALDER\u00d3N y LUIS MIGUEL BAUTISTA CABRERA, Regidor de Hacienda y Tesorero Municipal, respectivamente, presentaron sus renuncias ante la asamblea; aunque por lo que hace al Regidor, inicialmente no fue aceptada su renuncia pero se determin\u00f3 finalmente aceptarla para evitar un conflicto de inter\u00e9s en las investigaciones que se solicitar\u00edan a la Auditoria Superior del Estado.<\/p>\n<p>Ese d\u00eda 16 de octubre del a\u00f1o 2014, la asamblea, como m\u00e1xima autoridad de nuestra comunidad, le solicit\u00f3 al Presidente Municipal Constitucional, GUILLERMO REGINO HERN\u00c1NDEZ, que en ese acto y a nombre de todo su Cabildo se disculpara \u00a0p\u00fablicamente por todas las irregularidades existentes en su administraci\u00f3n. Una vez ofrecidas las disculpas y que la asamblea conmin\u00f3 al Presidente a establecer una estrecha comunicaci\u00f3n entre todos los que trabajan en la administraci\u00f3n p\u00fablica municipal, se procedi\u00f3 a la toma de protesta de DANIEL L\u00d3PEZ LORENZO y MANUEL NICOL\u00c1S L\u00d3PEZ GARC\u00cdA, como nuevo Regidor de Hacienda y Tesorero Municipal, respectivamente.<\/p>\n<p><strong>5.-<\/strong> Posteriormente, el 20 de agosto de 2015 se realiz\u00f3 otra asamblea general comunitaria que tendr\u00eda como punto \u00fanico el de determinar sobre la \u201csolicitud de licencia por tiempo indeterminado al cargo de Regidor de Hacienda Municipal\u201d, en dicha asamblea, se pidi\u00f3 a DANIEL L\u00d3PEZ LORENZO, Regidor de Hacienda, expusiera los motivos por los cuales solicitaba licencia. De esta forma, explic\u00f3 que como integrante de la Comisi\u00f3n de Hacienda, le fueron ocultados la existencia de diversas cuentas de cheques a nombre del municipio manejadas directamente por el Tesorero en lugar la Comisi\u00f3n de Hacienda, Convenios en los que no particip\u00f3.<\/p>\n<p>Detall\u00f3 que sin la autorizaci\u00f3n del Cabildo, se adquiri\u00f3 una moto conformadora por la cantidad de $4,629,151.98 (cuatro millones seiscientos veintinueve mil ciento cincuenta y un pesos 98\/100 M.N.), sin embargo, la misma empresa MAQUINAS DIESEL S.A. de C. V., cotiz\u00f3 la unidad de motor por la cantidad de $4,002,914.08 (cuatro millones dos mil novecientos catorce pesos 08\/100 M.N.), entonces, de desconoce el destino de $626,237.90 (seiscientos veintiseis mil doscientos treinta y siete seis pesos 90\/100 M.N.); misma que fue pagada en dos cheques uno firme y otro no; otra situaci\u00f3n tiene que ver con el pago adelantado de $145,000.00 (ciento cuarenta cinco mil pesos 00\/100 M.N.) para la realizacion de trabajos rastreo y revestimiento de diversas calles cuando\u00a0 tienen un costo real de $110,000.00 (ciento diez mil pesos 00\/100 M.N.). Tambi\u00e9n, se pag\u00f3 la cantidad de $63,500.00 (sesenta tres mil quinientos pesos 00\/100 M.N.) por la renta de un \u201cmini cargador con roto martillo\u201d cuando que el costo real es de $30,000.00 (treinta mil pesos 00\/100 M.N.). Por otra parte, se paga mensualmente el monto de $20,000.00 (veinte mil pesos 00\/100 M.N.) a un despacho contable que no se presenta a trabajar.<\/p>\n<p>Por esta raz\u00f3n, en estricto respeto al derecho de audiencia, los integrantes de la Mesa de lo Debates concedieron el uso de la palabra a cada de uno de los concejales del Ayuntamiento, sin embargo, en vez de proporcionar una explicaci\u00f3n sobre lo se\u00f1alado se limitaron a exigir que el Regidor acreditar\u00e1 la \u201clegalidad\u201d de los documentos con los que justificaba su acusaci\u00f3n y reiteraron pr\u00e1cticamente los t\u00e9rminos del oficio n\u00famero MTC\/OPM01714\/2015, de fecha 23 de julio de 2015. Adem\u00e1s, se dedicaron denostar y humillar constantemente al Regidor de Hacienda bajo el argumento de que era un ignorante que \u201csi ni siquiera sab\u00eda leer, mucho menos puede firmar\u201d.<\/p>\n<p>Ante ello, las personas asistentes a la asamblea \u201cno quedaron convencidos de las explicaciones expuestas\u201d y determinaron la existencia de \u201cmal uso\u201d en el manejo de recursos, as\u00ed como la \u201cnula comunicaci\u00f3n del presidente y el s\u00edndico municipal hacia los regidores ignorando m\u00e1s al Regidor de Hacienda\u201d. En virtud de que la asamblea de fecha 16 de octubre del a\u00f1o 2014, se realiz\u00f3 por los mismos motivos, entonces, las autoridades reincidieron y no acataron la determinaci\u00f3n de la asamblea que los hab\u00eda conminado a eficientar su trabajo.<\/p>\n<p>Por tal situaci\u00f3n, la asamblea del 20 de agosto de 2015, a donde asistieron 335 personas, determin\u00f3 destituir a todos los concejales electos para el trienio 2014-2016 del H. Ayuntamiento de Tlalixtac de Cabrera, Oaxaca, y se procedi\u00f3 a la elecci\u00f3n de JAVIER SANTIAGO V\u00c1SQUEZ, JOS\u00c9 CAMACHO MANUEL, PEDRO L\u00d3PEZ P\u00c9REZ, MIGUEL GARC\u00cdA, ALFREDO V\u00c1SQUEZ HERN\u00c1NDEZ, ALEJANDRINO V\u00c1SQUEZ BAUTISTA, EPIGMENIO GONZ\u00c1LEZ L\u00d3PEZ, RAFAEL CABRERA L\u00d3PEZ, DOMINGO CABRERA MORALES, JOS\u00c9 ELPIDIO HERN\u00c1NDEZ CABRERA y LUIS MIGUEL BAUTISTA CABRERA, como nuevas autoridades municipales para que concluyeran con dicho periodo,<\/p>\n<p>Asimismo, con el fin de coadyuvar en el proceso de reconocimiento de las nuevas autoridades, la asamblea nombr\u00f3 a MARINO SANTIAGO CALDER\u00d3N, JULITA LUISA L\u00d3PEZ HERN\u00c1NDEZ, GABRIELA DOLORES MART\u00cdNEZ MENDOZA, RAFAELA HERN\u00c1NDEZ CH\u00c1VEZ y FRANCISCO CRUZ V\u00c1SQUEZ como integrantes de la Comisi\u00f3n para la Observancia del Proceso de Entrega-Recepci\u00f3n y Acreditaci\u00f3n de los Nuevos Concejales.<strong>\u00a0<\/strong><\/p>\n<p><strong>5.- <\/strong>Ante esta situaci\u00f3n, los integrantes de la mesa de los debates de la asamblea de 20 de agosto de 2015, acudieron al Tribunal Estatal Electoral del Poder Judicial del Estado de Oaxaca (TEEPJO), para solicitar que validara la determinaci\u00f3n de la ciudadan\u00eda de Tlalixtac de Cabrera, Oaxaca, en el sentido de destituir a los concejales electos para el trienio 2014-2016 y el nombramiento de los nuevos concejales que concluir\u00edan tal periodo.<\/p>\n<p>Para tal efecto, la petici\u00f3n se registr\u00f3 bajo el expediente n\u00famero CA\/84\/2015 y el TEEPJO determin\u00f3 improcedente la petici\u00f3n porque se \u201ctrataba de un acto de autonom\u00eda de la comunidad ind\u00edgena que habita en el municipio de Tlalixtac de Cabrera, Oaxaca\u201d. En cambio, orden\u00f3 al Consejo General del Instituto Estatal Electoral y de Participaci\u00f3n Ciudadana de Oaxaca (IEEPCO) que realizara \u201cla calificaci\u00f3n de la elecci\u00f3n de concejales llevada a cabo por la asamblea general comunitaria. De esta manera, por acuerdo IEEPCO-CG-SNI-2\/2015, el Consejo General del IEEPCO \u201ccalific\u00f3 la elecci\u00f3n de concejales del municipio de Tlalixtac de Cabrera, Oaxaca, realizada el veinte de agosto de dos mil quince, en el sentido de que no exist\u00edan elementos para declararla como v\u00e1lida\u201d.<\/p>\n<p><strong>6.- <\/strong>Por tal motivo, MARINO SANTIAGO CALDER\u00d3N, JULITA LUISA L\u00d3PEZ HERN\u00c1NDEZ, GABRIELA DOLORES MART\u00cdNEZ MENDOZA, RAFAELA HERN\u00c1NDEZ CH\u00c1VEZ y FRANCISCO CRUZ V\u00c1SQUEZ, integrantes de la Comisi\u00f3n para la Observancia del Proceso de Entrega-Recepci\u00f3n y Acreditaci\u00f3n de los Nuevos Concejales, impugnaron el acuerdo n\u00famero IEEPCO-CG-SNI-2\/2015 e interpusieron el Juicio para la Protecci\u00f3n de los Derechos Pol\u00edtico Electorales de la Ciudadan\u00eda en el R\u00e9gimen de Sistemas Normativos Internos ante el Tribunal Estatal Electoral del Poder Judicial del Estado de Oaxaca (TEEPJO), misma que se registr\u00f3 con el n\u00famero de expediente JDCI\/60\/2015.<\/p>\n<p>En estas condiciones, el d\u00eda 23 de noviembre de este a\u00f1o 2015, el TEEPJO determin\u00f3 que la asamblea del municipio de Tlalixtac de Cabrera, Oaxaca, realizada el 20 de agosto de 2015, cumpli\u00f3 con todos los requisitos que exige el sistema normativo del lugar y por lo tanto, era procedente declararla v\u00e1lida y como consecuencia orden\u00f3 al Instituto Estatal Electoral y de Participaci\u00f3n Ciudadana de Oaxaca expedir la constancia de mayor\u00eda correspondiente a las personas que resultaron electas.<strong>\u00a0<\/strong><\/p>\n<p><strong>7.- <\/strong>En este sentido, la elecci\u00f3n de la nueva autoridad se dio en el m\u00e1s alto plano de civilidad y armon\u00eda, prevaleciendo el dialogo y el derecho de r\u00e9plica a todos los involucrados. Al respecto, es preciso mencionar que las comunidades ind\u00edgenas a lo largo de su vida comunitaria pueden en todo momento dar por terminado la representaci\u00f3n que se les otorga a sus autoridades, maxime si se trata de un acuerdo de asamblea, instituci\u00f3n que representa el m\u00e1ximo \u00f3rgano de las comunidades y sus decisiones son definitivas e inapelables.<\/p>\n<p>Esto porque, a diferencia del sistema de partidos pol\u00edticos, los pueblos y comunidades ind\u00edgenas\u00a0 tienen reconocido el derecho a la libre determinaci\u00f3n de acuerdo con el art\u00edculo 2 de la Constituci\u00f3n. Ese derecho implica que los pueblos ind\u00edgenas tienen el derecho a hacer uso de sus propias instituciones y m\u00e9todos de elecci\u00f3n de autoridades. Especificamente, la fracci\u00f3n III del apartado A de dicho art\u00edculo se\u00f1ala que los pueblos ind\u00edgenas tienen autonom\u00eda para elegir de acuerdo con sus normas, procedimientos y pr\u00e1cticas tradicionales, a las autoridades o representantes para el ejercicio de sus formas propias de gobierno interno; cuesti\u00f3n que se encuentra muy lejano de su alcance, toda vez que el Estado a pesar de reconocer sus sistemas, a trav\u00e9s de sus aparatos de control social criminaliza y establece conflictos.<\/p>\n<p><strong>8.-<\/strong> Por otra parte, hacemos un llamado a las instituciones p\u00fablicas a \u00a0\u00a0escuchar la voz de los pueblos y comunidades ind\u00edgenas para que de esta forma conozcan c\u00f3mo se convoca a las asambleas comunitarias, c\u00f3mo se acuerdan las forma en que elegir\u00e1n a las autoridades de sus comunidades, la decisi\u00f3n sobre el d\u00eda de reuni\u00f3n, la permanencia en el cargo, la solemnidad de la elecci\u00f3n, as\u00ed como el trabajo previo que se tiene que hacer antes de poder acceder a un cargo p\u00fablico.<\/p>\n<p>Esto, naturalmente, debe hacernos reflexionar sobre las otras formas de organizaci\u00f3n pol\u00edtica que existen en el Estado, formas que fueron adoptadas por nuestros abuelos, y los abuelos de ellos, que funcionan y que deben ser respetadas por las instituciones del Estado como una expresi\u00f3n de nuestra identidad. Permitir que las propias comunidades en uso de su derecho a la autoderminaci\u00f3n elijan a sus autoridades no es una concesi\u00f3n que debe hacer el Estado, es parte de su obligaci\u00f3n constitucional y convencional de respetar los derechos humanos.<\/p>\n<p><strong>RESPETUOSAMENTE<\/strong><\/p>\n<p>LA COMISION PARA LA OBSERVANCIA DEL PROCESO DE ENTREGA\u00a0 RECEPCION Y ACREDITACION\u00a0 DE LOS NUEVOS CONCEJALES.<\/p>\n<p><strong>\u00a0<\/strong><\/p>\n","protected":false},"excerpt":{"rendered":"<p>Tlalixtac de Cabrera, Oaxaca, a 25 de noviembre de 2015. &nbsp; &#8211; Lic. Gabino Cu\u00e9 Monteagudo, Gobernador Constitucional del Estado de Oaxaca. &#8211; C. Diputados integrantes de la LXII Legislatura del Estado de Oaxaca. &#8211; Mtro. Gustavo Meixueiro N\u00e1jera,\u00a0Consejero Presidente del Instituto Estatal Electoral y de Participaci\u00f3n Ciudadana de Oaxaca (IEEPCO). &#8211; Lic. Adelfo Regino [&hellip;]<\/p>\n","protected":false},"author":3,"featured_media":0,"comment_status":"open","ping_status":"closed","sticky":false,"template":"","format":"standard","meta":{"site-sidebar-layout":"default","site-content-layout":"","ast-site-content-layout":"default","site-content-style":"default","site-sidebar-style":"default","ast-global-header-display":"","ast-banner-title-visibility":"","ast-main-header-display":"","ast-hfb-above-header-display":"","ast-hfb-below-header-display":"","ast-hfb-mobile-header-display":"","site-post-title":"","ast-breadcrumbs-content":"","ast-featured-img":"","footer-sml-layout":"","ast-disable-related-posts":"","theme-transparent-header-meta":"","adv-header-id-meta":"","stick-header-meta":"","header-above-stick-meta":"","header-main-stick-meta":"","header-below-stick-meta":"","astra-migrate-meta-layouts":"default","ast-page-background-enabled":"default","ast-page-background-meta":{"desktop":{"background-color":"var(--ast-global-color-4)","background-image":"","background-repeat":"repeat","background-position":"center center","background-size":"auto","background-attachment":"scroll","background-type":"","background-media":"","overlay-type":"","overlay-color":"","overlay-opacity":"","overlay-gradient":""},"tablet":{"background-color":"","background-image":"","background-repeat":"repeat","background-position":"center center","background-size":"auto","background-attachment":"scroll","background-type":"","background-media":"","overlay-type":"","overlay-color":"","overlay-opacity":"","overlay-gradient":""},"mobile":{"background-color":"","background-image":"","background-repeat":"repeat","background-position":"center center","background-size":"auto","background-attachment":"scroll","background-type":"","background-media":"","overlay-type":"","overlay-color":"","overlay-opacity":"","overlay-gradient":""}},"ast-content-background-meta":{"desktop":{"background-color":"var(--ast-global-color-5)","background-image":"","background-repeat":"repeat","background-position":"center center","background-size":"auto","background-attachment":"scroll","background-type":"","background-media":"","overlay-type":"","overlay-color":"","overlay-opacity":"","overlay-gradient":""},"tablet":{"background-color":"var(--ast-global-color-5)","background-image":"","background-repeat":"repeat","background-position":"center center","background-size":"auto","background-attachment":"scroll","background-type":"","background-media":"","overlay-type":"","overlay-color":"","overlay-opacity":"","overlay-gradient":""},"mobile":{"background-color":"var(--ast-global-color-5)","background-image":"","background-repeat":"repeat","background-position":"center center","background-size":"auto","background-attachment":"scroll","background-type":"","background-media":"","overlay-type":"","overlay-color":"","overlay-opacity":"","overlay-gradient":""}},"footnotes":""},"categories":[1],"tags":[],"class_list":["post-301","post","type-post","status-publish","format-standard","hentry","category-uncategorized"],"jetpack_featured_media_url":"","_links":{"self":[{"href":"https:\/\/cepiadet.org\/index.php\/wp-json\/wp\/v2\/posts\/301","targetHints":{"allow":["GET"]}}],"collection":[{"href":"https:\/\/cepiadet.org\/index.php\/wp-json\/wp\/v2\/posts"}],"about":[{"href":"https:\/\/cepiadet.org\/index.php\/wp-json\/wp\/v2\/types\/post"}],"author":[{"embeddable":true,"href":"https:\/\/cepiadet.org\/index.php\/wp-json\/wp\/v2\/users\/3"}],"replies":[{"embeddable":true,"href":"https:\/\/cepiadet.org\/index.php\/wp-json\/wp\/v2\/comments?post=301"}],"version-history":[{"count":0,"href":"https:\/\/cepiadet.org\/index.php\/wp-json\/wp\/v2\/posts\/301\/revisions"}],"wp:attachment":[{"href":"https:\/\/cepiadet.org\/index.php\/wp-json\/wp\/v2\/media?parent=301"}],"wp:term":[{"taxonomy":"category","embeddable":true,"href":"https:\/\/cepiadet.org\/index.php\/wp-json\/wp\/v2\/categories?post=301"},{"taxonomy":"post_tag","embeddable":true,"href":"https:\/\/cepiadet.org\/index.php\/wp-json\/wp\/v2\/tags?post=301"}],"curies":[{"name":"wp","href":"https:\/\/api.w.org\/{rel}","templated":true}]}}