{"id":315,"date":"2015-12-04T01:24:44","date_gmt":"2015-12-04T01:24:44","guid":{"rendered":"https:\/\/cepiadet.org\/index.php\/2015\/12\/04\/sistema-de-justicia-indigena-despresuriza-al-estatal\/"},"modified":"2015-12-04T01:24:44","modified_gmt":"2015-12-04T01:24:44","slug":"sistema-de-justicia-indigena-despresuriza-al-estatal","status":"publish","type":"post","link":"https:\/\/cepiadet.org\/index.php\/2015\/12\/04\/sistema-de-justicia-indigena-despresuriza-al-estatal\/","title":{"rendered":"Sistema de justicia ind\u00edgena \u201cdespresuriza\u201d al estatal"},"content":{"rendered":"<p><img class=\\\"alignnone size-full wp-image-319\\\" src=\\\"https:\/\/cepiadet.files.wordpress.com\/2015\/12\/foto-general-tuxtepec.jpg\\\" alt=\\\"FOTO GENERAL TUXTEPEC\\\" width=\\\"5183\\\" height=\\\"2561\\\" \/><\/p>\n<p><strong>Tuxtepec, Oaxaca, 3 de diciembre de 2015.-<\/strong> \u201cEl sistema de justicia que se aplica en las comunidades ind\u00edgenas despresuriza el sistema de justicia estatal porque ah\u00ed es donde se resuelven las mayor\u00edas de los problemas\u201d, por ello, \u201ces fundamental el reconocimiento de las funciones de las autoridades ind\u00edgenas\u201d, as\u00ed lo reconoci\u00f3 \u00a0Delia Lara Juan, directora de Seguridad P\u00fablica Municipal del Ayuntamiento de San Lucas Ojitl\u00e1n, perteneciente a Tuxtepec, Oaxaca.<\/p>\n<p>En el marco del desarrollo de la reuni\u00f3n de autoridades denominada \u201cDialogando entre justicias\u201d, organizada por el Centro Profesional Ind\u00edgena de Asesor\u00eda, Defensa y Traducci\u00f3n, asociaci\u00f3n civil (CEPIADET A. C.), y realizada en esta ciudad, la funcionaria municipal explic\u00f3 que en las comunidades, que se rigen bajo el sistema normativo interno, las autoridades ind\u00edgenas conocen y resuelven todo tipo de asuntos que no siempre llegan ante un agente del ministerio p\u00fablico o ante un juez. Entonces, agreg\u00f3, de llegar todos los casos que ocurren en las comunidades a las instituciones de justicia, \u00e9stas no se dar\u00edan abasto para atenderlos ya que de por s\u00ed actualmente tienen una considerable carga de trabajo.<\/p>\n<p>Por su parte, el abogado Perfecto Felipe Trapaga, originario de la comunidad de San Felipe \u00dasila, argument\u00f3 que \u201cojal\u00e1 la justicia estatal vaya de la mano con el sistema de justicia de las comunidades ind\u00edgenas porque es importante reconocer c\u00f3mo resuelven los casos a trav\u00e9s del S\u00edndico o Alcalde, o incluso con los ancianos de las comunidades ind\u00edgenas\u201d.<\/p>\n<p>En este sentido, Aurora Primavera Cruz Garc\u00eda, juez segundo familiar del distrito judicial de Tuxtepec, afirm\u00f3 que nos encontramos en una \u201cnueva era\u201d de los Derechos Humanos y que, por lo tanto, esto tambi\u00e9n concierne a los pueblos ind\u00edgenas y reiter\u00f3 la trascendencia de una coordinaci\u00f3n para la atenci\u00f3n de conflictos en las comunidades ind\u00edgenas.<\/p>\n<p>Por eso, a efecto mejorar el proceso de coordinaci\u00f3n se puso a las \u00f3rdenes de las autoridades que acudieron a la actividad como de Ayotzintepec, San Pedro Ixcatl\u00e1n, San Felipe Jalapa de D\u00edaz, San Lucas Ojitl\u00e1n, Santiago Jocotepec, San Juan Petlapa y San Felipe \u00dasila. Adem\u00e1s, tambi\u00e9n asistieron C\u00e9sar E\u00fa Peralta V\u00e1zquez, juez primero del civil; Aurora Primavera Cruz Garc\u00eda, juez del segundo familiar; Nicasio Santiago Yescas, Francisco Antonio Fra\u00fadez, Gustavo Carlos Zu\u00f1iga y Yolanda Hern\u00e1ndez, de la Subprocuradur\u00eda en la Cuenca de la Fiscal\u00eda General de Justicia de Oaxaca.<\/p>\n<p>Durante el acto inaugural, Tom\u00e1s L\u00f3pez Sarabia, Presidente del Consejo Directivo del CEPIADET, sostuvo que uno de los objetivos de la reuni\u00f3n es buscar que se garanticen de manera adecuada los derechos reconocidos a los pueblos y comunidades ind\u00edgenas, individual o colectiva, respetando las diferencias culturales y ling\u00fc\u00edsticas. Por ello, afirm\u00f3 que es fundamental promover estos espacios de an\u00e1lisis y reflexi\u00f3n en donde se reconozcan los sistemas jur\u00eddicos que coexisten en la regi\u00f3n.<\/p>\n<p>Al respecto, recalc\u00f3 que ante la diversidad ling\u00fc\u00edstica de Oaxaca y el reconocimiento de los derechos de los pueblos ind\u00edgenas, es importante acortar la brecha de implementaci\u00f3n entre lo reconocido y el ejercicio de los derechos en un contexto plural. De esta manera, apunt\u00f3 que una de las finalidades que se deben buscar con estas reuniones es la humanizaci\u00f3n de los sistemas de justicia.<\/p>\n<p>Pablo Ojeda Carrillo, del municipio de San Juan Petlapa, ante lo manifestado por los dem\u00e1s respecto de la necesidad de establecer mecanismos de coordinaci\u00f3n entre los sistemas de justicia, expres\u00f3 que el mayor reto de este proceso es c\u00f3mo hacer que se respeten las distintas visiones que se tiene de la muerte. Por ejemplo, cuando alguien fallece, y a pesar de que son evidentes las causas de muerte, los de la Fiscal\u00eda le practican de todos modos la autopsia, en cambio, desde la visi\u00f3n de las comunidades ind\u00edgenas, el cuerpo de una persona es sagrada que no debe profanarse con la autopsia.<\/p>\n<p>Ante ello, Gustavo Carlos Zu\u00f1iga, coordinador fiscales en la zona de la Cuenca, respondi\u00f3 que cuando alguien fallece necesariamente se debe practicar la autopsia con la finalidad de deslindar responsabilidades y en esos t\u00e9rminos lo establece la legislaci\u00f3n penal que regula el trabajo de las autoridades ministeriales, s\u00f3lo en casos excepcionales se otorga la \u201cdispensa\u201d pero ello lo debe autorizar directamente el Fiscal General de Oaxaca.<\/p>\n<p>&nbsp;<\/p>\n","protected":false},"excerpt":{"rendered":"<p>Tuxtepec, Oaxaca, 3 de diciembre de 2015.- \u201cEl sistema de justicia que se aplica en las comunidades ind\u00edgenas despresuriza el sistema de justicia estatal porque ah\u00ed es donde se resuelven las mayor\u00edas de los problemas\u201d, por ello, \u201ces fundamental el reconocimiento de las funciones de las autoridades ind\u00edgenas\u201d, as\u00ed lo reconoci\u00f3 \u00a0Delia Lara Juan, directora [&hellip;]<\/p>\n","protected":false},"author":3,"featured_media":0,"comment_status":"open","ping_status":"closed","sticky":false,"template":"","format":"standard","meta":{"site-sidebar-layout":"default","site-content-layout":"","ast-site-content-layout":"default","site-content-style":"default","site-sidebar-style":"default","ast-global-header-display":"","ast-banner-title-visibility":"","ast-main-header-display":"","ast-hfb-above-header-display":"","ast-hfb-below-header-display":"","ast-hfb-mobile-header-display":"","site-post-title":"","ast-breadcrumbs-content":"","ast-featured-img":"","footer-sml-layout":"","ast-disable-related-posts":"","theme-transparent-header-meta":"","adv-header-id-meta":"","stick-header-meta":"","header-above-stick-meta":"","header-main-stick-meta":"","header-below-stick-meta":"","astra-migrate-meta-layouts":"default","ast-page-background-enabled":"default","ast-page-background-meta":{"desktop":{"background-color":"var(--ast-global-color-4)","background-image":"","background-repeat":"repeat","background-position":"center center","background-size":"auto","background-attachment":"scroll","background-type":"","background-media":"","overlay-type":"","overlay-color":"","overlay-opacity":"","overlay-gradient":""},"tablet":{"background-color":"","background-image":"","background-repeat":"repeat","background-position":"center center","background-size":"auto","background-attachment":"scroll","background-type":"","background-media":"","overlay-type":"","overlay-color":"","overlay-opacity":"","overlay-gradient":""},"mobile":{"background-color":"","background-image":"","background-repeat":"repeat","background-position":"center center","background-size":"auto","background-attachment":"scroll","background-type":"","background-media":"","overlay-type":"","overlay-color":"","overlay-opacity":"","overlay-gradient":""}},"ast-content-background-meta":{"desktop":{"background-color":"var(--ast-global-color-5)","background-image":"","background-repeat":"repeat","background-position":"center center","background-size":"auto","background-attachment":"scroll","background-type":"","background-media":"","overlay-type":"","overlay-color":"","overlay-opacity":"","overlay-gradient":""},"tablet":{"background-color":"var(--ast-global-color-5)","background-image":"","background-repeat":"repeat","background-position":"center center","background-size":"auto","background-attachment":"scroll","background-type":"","background-media":"","overlay-type":"","overlay-color":"","overlay-opacity":"","overlay-gradient":""},"mobile":{"background-color":"var(--ast-global-color-5)","background-image":"","background-repeat":"repeat","background-position":"center center","background-size":"auto","background-attachment":"scroll","background-type":"","background-media":"","overlay-type":"","overlay-color":"","overlay-opacity":"","overlay-gradient":""}},"footnotes":""},"categories":[1],"tags":[],"class_list":["post-315","post","type-post","status-publish","format-standard","hentry","category-uncategorized"],"jetpack_featured_media_url":"","_links":{"self":[{"href":"https:\/\/cepiadet.org\/index.php\/wp-json\/wp\/v2\/posts\/315","targetHints":{"allow":["GET"]}}],"collection":[{"href":"https:\/\/cepiadet.org\/index.php\/wp-json\/wp\/v2\/posts"}],"about":[{"href":"https:\/\/cepiadet.org\/index.php\/wp-json\/wp\/v2\/types\/post"}],"author":[{"embeddable":true,"href":"https:\/\/cepiadet.org\/index.php\/wp-json\/wp\/v2\/users\/3"}],"replies":[{"embeddable":true,"href":"https:\/\/cepiadet.org\/index.php\/wp-json\/wp\/v2\/comments?post=315"}],"version-history":[{"count":0,"href":"https:\/\/cepiadet.org\/index.php\/wp-json\/wp\/v2\/posts\/315\/revisions"}],"wp:attachment":[{"href":"https:\/\/cepiadet.org\/index.php\/wp-json\/wp\/v2\/media?parent=315"}],"wp:term":[{"taxonomy":"category","embeddable":true,"href":"https:\/\/cepiadet.org\/index.php\/wp-json\/wp\/v2\/categories?post=315"},{"taxonomy":"post_tag","embeddable":true,"href":"https:\/\/cepiadet.org\/index.php\/wp-json\/wp\/v2\/tags?post=315"}],"curies":[{"name":"wp","href":"https:\/\/api.w.org\/{rel}","templated":true}]}}