{"id":86,"date":"2014-09-26T19:44:45","date_gmt":"2014-09-26T19:44:45","guid":{"rendered":"https:\/\/cepiadet.org\/index.php\/2014\/09\/26\/los-indigenas-frente-al-sistema-de-imparticion-de-in-justicia\/"},"modified":"2014-09-26T19:44:45","modified_gmt":"2014-09-26T19:44:45","slug":"los-indigenas-frente-al-sistema-de-imparticion-de-in-justicia","status":"publish","type":"post","link":"https:\/\/cepiadet.org\/index.php\/2014\/09\/26\/los-indigenas-frente-al-sistema-de-imparticion-de-in-justicia\/","title":{"rendered":"LOS IND\u00cdGENAS FRENTE AL SISTEMA DE IMPARTICI\u00d3N DE (in) JUSTICIA"},"content":{"rendered":"<p>&nbsp;<\/p>\n<p><a href=\\\"https:\/\/cepiadet.files.wordpress.com\/2014\/09\/pardo3.jpg\\\"><img class=\\\"size-medium wp-image-72 aligncenter\\\" src=\\\"http:\/\/cepiadet.files.wordpress.com\/2014\/09\/pardo3.jpg?w=225\\\" alt=\\\"PARDO3\\\" width=\\\"225\\\" height=\\\"300\\\" \/><\/a><\/p>\n<p style=\\\"text-align:right;\\\">MA. \u00a0 \u00a0TERESA PARDO<\/p>\n<p style=\\\"text-align:right;\\\">\u00a0\u00a0\u00a0\u00a0\u00a0\u00a0\u00a0\u00a0\u00a0\u00a0\u00a0\u00a0\u00a0\u00a0\u00a0\u00a0\u00a0\u00a0\u00a0\u00a0\u00a0\u00a0\u00a0\u00a0\u00a0\u00a0\u00a0 \u00a0\u00a0\u00a0\u00a0\u00a0\u00a0\u00a0\u00a0\u00a0\u00a0\u00a0\u00a0\u00a0\u00a0\u00a0\u00a0\u00a0\u00a0\u00a0\u00a0\u00a0\u00a0\u00a0\u00a0\u00a0\u00a0\u00a0\u00a0\u00a0\u00a0\u00a0\u00a0\u00a0\u00a0Investigadora del CIESAS-Istmo<\/p>\n<p style=\\\"text-align:right;\\\">\u00a0\u00a0\u00a0\u00a0\u00a0\u00a0\u00a0\u00a0\u00a0\u00a0\u00a0\u00a0 \u00a0\u00a0\u00a0\u00a0\u00a0\u00a0\u00a0\u00a0\u00a0\u00a0\u00a0\u00a0\u00a0\u00a0\u00a0\u00a0\u00a0\u00a0\u00a0\u00a0\u00a0\u00a0\u00a0\u00a0\u00a0\u00a0\u00a0\u00a0\u00a0\u00a0\u00a0\u00a0\u00a0\u00a0\u00a0\u00a0\u00a0\u00a0\u00a0\u00a0\u00a0\u00a0\u00a0\u00a0\u00a0\u00a0\u00a0\u00a0\u00a0\u201c&#8230;que yo fuera, entonces s\u00ed estuviera<\/p>\n<p style=\\\"text-align:right;\\\">\u00a0\u00a0\u00a0\u00a0 \u00a0\u00a0\u00a0\u00a0\u00a0\u00a0\u00a0\u00a0\u00a0\u00a0\u00a0\u00a0\u00a0\u00a0\u00a0\u00a0\u00a0\u00a0\u00a0\u00a0\u00a0\u00a0\u00a0\u00a0\u00a0\u00a0\u00a0\u00a0\u00a0\u00a0\u00a0\u00a0\u00a0\u00a0\u00a0\u00a0\u00a0\u00a0\u00a0\u00a0\u00a0\u00a0\u00a0\u00a0\u00a0\u00a0\u00a0\u00a0\u00a0\u00a0\u00a0\u00a0\u00a0\u00a0\u00a0\u00a0\u00a0aqu\u00ed; as\u00ed aqu\u00ed estar\u00eda pues.\u201d<\/p>\n<p style=\\\"text-align:right;\\\">\u00a0\u00a0\u00a0\u00a0\u00a0\u00a0\u00a0\u00a0\u00a0\u00a0\u00a0\u00a0\u00a0\u00a0\u00a0\u00a0\u00a0\u00a0 \u00a0\u00a0\u00a0\u00a0\u00a0\u00a0\u00a0\u00a0\u00a0\u00a0\u00a0\u00a0\u00a0\u00a0\u00a0\u00a0\u00a0\u00a0\u00a0\u00a0\u00a0\u00a0\u00a0\u00a0\u00a0\u00a0\u00a0\u00a0\u00a0\u00a0\u00a0\u00a0\u00a0\u00a0\u00a0\u00a0\u00a0\u00a0\u00a0\u00a0\u00a0\u00a0\u00a0(Santiago Jim\u00e9nez Cruz, 13.03.04)<\/p>\n<p>Con estas palabras me recibi\u00f3 el Sr. Santiago Jim\u00e9nez Cruz, el d\u00eda s\u00e1bado 13 de marzo de 2004 que fui a visitarlo al Penal de Ixcotel. Con esta frase lo que \u00e9l quer\u00eda expresarme es que si \u00e9l hubiera cometido los delitos que se le imputan (portaci\u00f3n de armas de fuego, intento de homicidio y asalto), entonces \u00e9l aceptar\u00eda estar en la c\u00e1rcel, porque as\u00ed es como debiera de ser. En t\u00e9rminos preformativos la frase tambi\u00e9n puede transcribirse como: yo no acepto estar en la c\u00e1rcel (yo no entiendo por qu\u00e9 estoy aqu\u00ed) porque yo no comet\u00ed los delitos por los cuales se me acusa y no acepto-comprendo la situaci\u00f3n que devino de este agravio a mi persona. Situaci\u00f3n de agravio e injusticia en la que el lector podr\u00e1 adentrase a lo largo de este escrito.<\/p>\n<p>&nbsp;<\/p>\n<p>El Sr. Santiago es un ind\u00edgena Chatino, originario del municipio de Santiago Yaitepec, tiene 26 a\u00f1os y se ocupaba en el oficio de la alba\u00f1iler\u00eda en el municipio vecino de San Juan Quiahije. Es padre de cinco hijos \u2013el \u00faltimo naci\u00f3 cuando \u00e9l ya estaba preso- y es el sost\u00e9n econ\u00f3mico de su propia familia, as\u00ed como de sus suegros y su cu\u00f1ado.<\/p>\n<p>&nbsp;<\/p>\n<p>El Sr. Santiago fue aprehendido el 29 de agosto del 2003 en el pueblo de Juquila y durante el momento de su detenci\u00f3n recibi\u00f3 un balazo en la pierna derecha. Al poco rato se qued\u00f3 inconsciente y fue trasladado al hospital civil de la ciudad de Oaxaca. Ah\u00ed le amputaron la pierna. A los dos d\u00edas fue encarcelado en el Penal de Ixcotel, lugar en el que todav\u00eda se halla recluido; esperando que se le de seguimiento a su proceso penal para que el juez finalmente dicte su sentencia. De ser considerado inocente ser\u00e1 liberado, pero despu\u00e9s de un a\u00f1o de reclusi\u00f3n y con una pierna menos; de ser juzgado como culpable tendr\u00e1 que permanecer por varios a\u00f1os en Ixcotel.<\/p>\n<p>&nbsp;<\/p>\n<p>Seg\u00fan las palabras del Sr. Santiago los hechos ocurridos durante aquel 29 de agosto acontecieron as\u00ed: aquel d\u00eda, el Sr. Santiago Jim\u00e9nez Cruz se encontraba en Juquila para trasladarse a la ciudad de Oaxaca, ah\u00ed se encontr\u00f3 con un amigo que manejaba un taxi (un vehiculo de pasajero) y el Sr. Santiago le pidi\u00f3 un \u201cavent\u00f3n\u201d a Oaxaca. El amigo le dijo que s\u00ed, pero que iba a llevar un pasaje especial. Mientras el \u201cpasajero desconocido\u201d llegaba, el Sr. Santiago fue a comprarse un refresco a una tienda cercana y al poco rato pasaron por \u00e9l. El pasajero \u2013hasta ahora desconocido por todos, tambi\u00e9n por las autoridades competentes- ya se hab\u00eda subido al veh\u00edculo y hab\u00eda puesto su maleta en la parte trasera del auto. Al poco tiempo de haber arrancado el veh\u00edculo, los empez\u00f3 a perseguir una camioneta de la polic\u00eda (\u00bfqu\u00e9 tipo de polic\u00eda?) y el pasajero susodicho se baj\u00f3 del veh\u00edculo cuando \u00e9ste todav\u00eda estaba andando y se ech\u00f3 a correr. Cuando el veh\u00edculo finalmente fue detenido, frente al asombro y la angustia del chofer y del Sr. Santiago, la polic\u00eda revis\u00f3 la maleta del \u201cpasajero desconocido\u201d y encontr\u00f3 dos pistolas. Como resultado de tal acontecer, el chofer y Santiago se asustaron y tambi\u00e9n se echaron a correr. Al poco tiempo alcanzaron a detener al chofer \u2013quien en la actualidad se halla preso en el Penal de Juquila- y como no alcanzaban a santiago le aventaron un balazo, quien como hemos dicho qued\u00f3 inconsciente con una bala en la pierna, siendo trasladado posteriormente al hospital civil de Oaxaca donde le amputaron de la rodilla para abajo y despu\u00e9s de dos d\u00edas de esta operaci\u00f3n quir\u00fargica mayor fue llevado preso al penal de Ixcotel.<\/p>\n<p>&nbsp;<\/p>\n<p>El Sr. Santiago me dice que se acuerda que la bala s\u00f3lo le atraves\u00f3 el m\u00fasculo y no entiende por qu\u00e9 le amputaron la pierna. Sin embargo, \u00e9l estaba inconsciente y aunque hubiera estado consciente, \u00e9l es un ciudadano de segunda: un ind\u00edgena que ni si quiera sabe expresarse correctamente en espa\u00f1ol. Ahora sigue recluido en el penal de Ixcotel y su proceso penal quedar\u00e1 relegado a segundo plano porque es ind\u00edgena y de conseguir un buen abogado defensor su proceso ser\u00e1 muy largo. De hecho est\u00e1 siendo muy largo, porque mientras que los ind\u00edgenas son detenidos (en situaciones casi siempre violentas) quedando coartados de su libertad durante el tiempo que dura su proceso, sus agresores quedan libres y con manga ancha para armar sus coartadas.<\/p>\n<p>&nbsp;<\/p>\n<p>No es el caso de este art\u00edculo demostrar la inocencia o no del Sr. Santiago. Sin embargo no se requiere ser muy versado en la materia para suponer su inocencia en el caso de intento de homicidio, ya que este delito se le ha fincado durante el momento de su detenci\u00f3n. Seg\u00fan su propio expediente, las dos armas registradas se encontraban en la maleta del \u201cpasajero desconocido\u201d y los balazos acontecidos durante tal evento impactaron la pierna del ahora acusado. Con respecto a los delitos de asalto, al parecer la poblaci\u00f3n de Juquila hab\u00eda denunciado la presencia de una banda de asaltantes en la regi\u00f3n y por ello se hab\u00eda instaurado un cuerpo polic\u00edaco. Tendr\u00eda varios argumentos para decir que el Sr. Santiago no pertenec\u00eda a esta banda de asaltantes, pero por ahora mi pregunta es: \u00bftiene la justicia el derecho de quitarle a uno una pierna y recluirlo por m\u00e1s de diez meses en un penal sin que uno entienda su proceso, por m\u00e1s delincuente que sea?<\/p>\n<p>&nbsp;<\/p>\n<p>Hasta hace dos meses no se hab\u00eda podido comprobar la culpabilidad del Sr. Santiago como asaltante, pero recientemente han aparecido dos testigos presentados por el agente que le dispar\u00f3 que est\u00e1n dispuestos a atestiguar esta condici\u00f3n. El Sr. Santiago ha pedido un careo con estos dos testigos, pero con una serie de argumentos de car\u00e1cter burocr\u00e1tico no le han permitido este careo. Sin embargo, la presencia de estos dos testigos se han venido a sumar a su expediente penal.<\/p>\n<p>&nbsp;<\/p>\n<p>Mientras tanto, el Sr. Santiago lleva m\u00e1s de diez meses recluido en el penal de Ixcotel, esperando que por lo menos le pongan una pr\u00f3tesis para poder ver a sus hijos, porque siente una verg\u00fcenza infinita de que sus hijos lo vean sin una pierna.<\/p>\n<p>&nbsp;<\/p>\n<p>Mientras tanto, el Sr. Santiago est\u00e1 esperando conseguir un buen abogado defensor por parte de las instancias correspondientes porque se le han acabado los recursos para pagar un abogado privado.<\/p>\n<p>&nbsp;<\/p>\n<p>Mientras tanto, el Sr. Santiago est\u00e1 esperando, como muchos ind\u00edgenas de Oaxaca, que se le haga justicia.<\/p>\n<p>&nbsp;<\/p>\n<p>Las causas de su detenci\u00f3n, objetables o no, y cuya casu\u00edstica si es bien objetable en t\u00e9rminos de cualquier reglamentaci\u00f3n de los derechos humanos fundamentales, para el Sr. Santiago s\u00f3lo se traducen en una p\u00e9rdida total de su libertad para:<\/p>\n<p>&nbsp;<\/p>\n<ul>\n<li>Hablar, en tanto que posee un dominio insuficiente del espa\u00f1ol que no le permite defenderse en el \u00e1mbito jur\u00eddico y que tampoco le permite relacionarse con los otros presos de Ixcotel.<\/li>\n<li>Defenderse, en tanto que no posee los mecanismos (socioecon\u00f3micos, ling\u00fc\u00edsticos y culturales) para interactuar equitativamente dentro de nuestro sistema de impartici\u00f3n de justicia.<\/li>\n<\/ul>\n<p>&nbsp;<\/p>\n<p>Hasta el presente, el Sr. Santiago lleva m\u00e1s de diez meses recluido; llevando a cuestas la pena de no comprender el por qu\u00e9 de su reclusi\u00f3n y mucho menos las oportunidades para defenderse y tener la esperanza de alg\u00fan d\u00eda salir de ah\u00ed. A ello hay que agregar, la pesadumbre que le acongoja por no poder mantener a su familia; as\u00ed como de no poder ver a sus hijos, por la verg\u00fcenza que le da de que lo vean as\u00ed: sin pierna. Am\u00e9n de que la causalidad de los actos devenidos a partir del momento de su aprehensi\u00f3n, no justifican su situaci\u00f3n actual: un preso f\u00edsicamente amputado y comunicativamente lisiado para interactuar equitativamente con los otros reos.<\/p>\n<p>&nbsp;<\/p>\n<p>El actual estado f\u00edsico de este preso ind\u00edgena es indignamente, su estado emocional es alarmante. Con una evidente cara triste en la que a veces se observan apenas chispazos de indignaci\u00f3n, el Sr. Santiago me expresa, mediante su muy particular uso del espa\u00f1ol, su consternaci\u00f3n al no entender por qu\u00e9 est\u00e1 ah\u00ed, ni tampoco el por qu\u00e9 de todos los hechos que le acontecieron. Ha optado por mantenerse bastante aislado dentro del penal y poco habla con los otros reos. Durante mi segunda visita, despu\u00e9s de una larga espera, lo tuvieron que ir a buscar porque no escuch\u00f3 su nombre por el altavoz, \u201ctan poco me visitan\u201d \u2013me dijo, y es que el pasaje de Yaitepec a Oaxaca es bastante caro y sus parientes no tienen el dinero para trasladarse.<\/p>\n<p>&nbsp;<\/p>\n<p>Conoc\u00ed el Sr. Santiago Jim\u00e9nez Cruz el d\u00eda 30 de noviembre de este a\u00f1o 2003, cuando por petici\u00f3n de la Procuradur\u00eda de Defensa del Ind\u00edgena \u2013a solicitud del visitador general de la Comisi\u00f3n Estatal de Derechos Humanos- fui requerida como perito en ling\u00fc\u00edstica para realizar un dictamen sobre el grado de manejo del espa\u00f1ol de este sujeto y evaluar su capacidad para interactuar correctamente en este idioma durante su proceso penal.<\/p>\n<p>&nbsp;<\/p>\n<p>Mucho me pregunto del por qu\u00e9 de que todas instancias dan tr\u00e1mite a los requerimientos burocr\u00e1ticos y de su falta de inter\u00e9s por los sujetos que son objeto de estos tr\u00e1mites.<\/p>\n","protected":false},"excerpt":{"rendered":"<p>&nbsp; MA. \u00a0 \u00a0TERESA PARDO \u00a0\u00a0\u00a0\u00a0\u00a0\u00a0\u00a0\u00a0\u00a0\u00a0\u00a0\u00a0\u00a0\u00a0\u00a0\u00a0\u00a0\u00a0\u00a0\u00a0\u00a0\u00a0\u00a0\u00a0\u00a0\u00a0\u00a0 \u00a0\u00a0\u00a0\u00a0\u00a0\u00a0\u00a0\u00a0\u00a0\u00a0\u00a0\u00a0\u00a0\u00a0\u00a0\u00a0\u00a0\u00a0\u00a0\u00a0\u00a0\u00a0\u00a0\u00a0\u00a0\u00a0\u00a0\u00a0\u00a0\u00a0\u00a0\u00a0\u00a0\u00a0Investigadora del CIESAS-Istmo \u00a0\u00a0\u00a0\u00a0\u00a0\u00a0\u00a0\u00a0\u00a0\u00a0\u00a0\u00a0 \u00a0\u00a0\u00a0\u00a0\u00a0\u00a0\u00a0\u00a0\u00a0\u00a0\u00a0\u00a0\u00a0\u00a0\u00a0\u00a0\u00a0\u00a0\u00a0\u00a0\u00a0\u00a0\u00a0\u00a0\u00a0\u00a0\u00a0\u00a0\u00a0\u00a0\u00a0\u00a0\u00a0\u00a0\u00a0\u00a0\u00a0\u00a0\u00a0\u00a0\u00a0\u00a0\u00a0\u00a0\u00a0\u00a0\u00a0\u00a0\u00a0\u201c&#8230;que yo fuera, entonces s\u00ed estuviera \u00a0\u00a0\u00a0\u00a0 \u00a0\u00a0\u00a0\u00a0\u00a0\u00a0\u00a0\u00a0\u00a0\u00a0\u00a0\u00a0\u00a0\u00a0\u00a0\u00a0\u00a0\u00a0\u00a0\u00a0\u00a0\u00a0\u00a0\u00a0\u00a0\u00a0\u00a0\u00a0\u00a0\u00a0\u00a0\u00a0\u00a0\u00a0\u00a0\u00a0\u00a0\u00a0\u00a0\u00a0\u00a0\u00a0\u00a0\u00a0\u00a0\u00a0\u00a0\u00a0\u00a0\u00a0\u00a0\u00a0\u00a0\u00a0\u00a0\u00a0\u00a0aqu\u00ed; as\u00ed aqu\u00ed estar\u00eda pues.\u201d \u00a0\u00a0\u00a0\u00a0\u00a0\u00a0\u00a0\u00a0\u00a0\u00a0\u00a0\u00a0\u00a0\u00a0\u00a0\u00a0\u00a0\u00a0 \u00a0\u00a0\u00a0\u00a0\u00a0\u00a0\u00a0\u00a0\u00a0\u00a0\u00a0\u00a0\u00a0\u00a0\u00a0\u00a0\u00a0\u00a0\u00a0\u00a0\u00a0\u00a0\u00a0\u00a0\u00a0\u00a0\u00a0\u00a0\u00a0\u00a0\u00a0\u00a0\u00a0\u00a0\u00a0\u00a0\u00a0\u00a0\u00a0\u00a0\u00a0\u00a0\u00a0(Santiago Jim\u00e9nez Cruz, 13.03.04) Con estas palabras me recibi\u00f3 el Sr. Santiago Jim\u00e9nez Cruz, el d\u00eda s\u00e1bado 13 de marzo de 2004 que fui a visitarlo al Penal de Ixcotel. Con esta [&hellip;]<\/p>\n","protected":false},"author":3,"featured_media":0,"comment_status":"open","ping_status":"closed","sticky":false,"template":"","format":"standard","meta":{"site-sidebar-layout":"default","site-content-layout":"","ast-site-content-layout":"default","site-content-style":"default","site-sidebar-style":"default","ast-global-header-display":"","ast-banner-title-visibility":"","ast-main-header-display":"","ast-hfb-above-header-display":"","ast-hfb-below-header-display":"","ast-hfb-mobile-header-display":"","site-post-title":"","ast-breadcrumbs-content":"","ast-featured-img":"","footer-sml-layout":"","ast-disable-related-posts":"","theme-transparent-header-meta":"","adv-header-id-meta":"","stick-header-meta":"","header-above-stick-meta":"","header-main-stick-meta":"","header-below-stick-meta":"","astra-migrate-meta-layouts":"default","ast-page-background-enabled":"default","ast-page-background-meta":{"desktop":{"background-color":"var(--ast-global-color-4)","background-image":"","background-repeat":"repeat","background-position":"center center","background-size":"auto","background-attachment":"scroll","background-type":"","background-media":"","overlay-type":"","overlay-color":"","overlay-opacity":"","overlay-gradient":""},"tablet":{"background-color":"","background-image":"","background-repeat":"repeat","background-position":"center center","background-size":"auto","background-attachment":"scroll","background-type":"","background-media":"","overlay-type":"","overlay-color":"","overlay-opacity":"","overlay-gradient":""},"mobile":{"background-color":"","background-image":"","background-repeat":"repeat","background-position":"center center","background-size":"auto","background-attachment":"scroll","background-type":"","background-media":"","overlay-type":"","overlay-color":"","overlay-opacity":"","overlay-gradient":""}},"ast-content-background-meta":{"desktop":{"background-color":"var(--ast-global-color-5)","background-image":"","background-repeat":"repeat","background-position":"center center","background-size":"auto","background-attachment":"scroll","background-type":"","background-media":"","overlay-type":"","overlay-color":"","overlay-opacity":"","overlay-gradient":""},"tablet":{"background-color":"var(--ast-global-color-5)","background-image":"","background-repeat":"repeat","background-position":"center center","background-size":"auto","background-attachment":"scroll","background-type":"","background-media":"","overlay-type":"","overlay-color":"","overlay-opacity":"","overlay-gradient":""},"mobile":{"background-color":"var(--ast-global-color-5)","background-image":"","background-repeat":"repeat","background-position":"center center","background-size":"auto","background-attachment":"scroll","background-type":"","background-media":"","overlay-type":"","overlay-color":"","overlay-opacity":"","overlay-gradient":""}},"footnotes":""},"categories":[1],"tags":[],"class_list":["post-86","post","type-post","status-publish","format-standard","hentry","category-uncategorized"],"jetpack_featured_media_url":"","_links":{"self":[{"href":"https:\/\/cepiadet.org\/index.php\/wp-json\/wp\/v2\/posts\/86","targetHints":{"allow":["GET"]}}],"collection":[{"href":"https:\/\/cepiadet.org\/index.php\/wp-json\/wp\/v2\/posts"}],"about":[{"href":"https:\/\/cepiadet.org\/index.php\/wp-json\/wp\/v2\/types\/post"}],"author":[{"embeddable":true,"href":"https:\/\/cepiadet.org\/index.php\/wp-json\/wp\/v2\/users\/3"}],"replies":[{"embeddable":true,"href":"https:\/\/cepiadet.org\/index.php\/wp-json\/wp\/v2\/comments?post=86"}],"version-history":[{"count":0,"href":"https:\/\/cepiadet.org\/index.php\/wp-json\/wp\/v2\/posts\/86\/revisions"}],"wp:attachment":[{"href":"https:\/\/cepiadet.org\/index.php\/wp-json\/wp\/v2\/media?parent=86"}],"wp:term":[{"taxonomy":"category","embeddable":true,"href":"https:\/\/cepiadet.org\/index.php\/wp-json\/wp\/v2\/categories?post=86"},{"taxonomy":"post_tag","embeddable":true,"href":"https:\/\/cepiadet.org\/index.php\/wp-json\/wp\/v2\/tags?post=86"}],"curies":[{"name":"wp","href":"https:\/\/api.w.org\/{rel}","templated":true}]}}