{"id":90,"date":"2014-12-02T22:26:54","date_gmt":"2014-12-02T22:26:54","guid":{"rendered":"https:\/\/cepiadet.org\/index.php\/2014\/12\/02\/oaxaca-sede-del-congreso-latinoamericano-de-justicia-intercultural\/"},"modified":"2014-12-02T22:26:54","modified_gmt":"2014-12-02T22:26:54","slug":"oaxaca-sede-del-congreso-latinoamericano-de-justicia-intercultural","status":"publish","type":"post","link":"https:\/\/cepiadet.org\/index.php\/2014\/12\/02\/oaxaca-sede-del-congreso-latinoamericano-de-justicia-intercultural\/","title":{"rendered":"Oaxaca: sede del  Congreso Latinoamericano de Justicia Intercultural"},"content":{"rendered":"<p><a href=\\\"https:\/\/cepiadet.files.wordpress.com\/2014\/12\/congreso-latinoamericano-programa-corregido.jpg\\\"><img class=\\\"alignnone size-medium wp-image-84\\\" src=\\\"https:\/\/cepiadet.files.wordpress.com\/2014\/12\/congreso-latinoamericano-programa-corregido.jpg?w=194\\\" alt=\\\"congreso latinoamericano - programa corregido\\\" width=\\\"194\\\" height=\\\"300\\\" \/><\/a><\/p>\n<p>&nbsp;<\/p>\n<p><strong>Oaxaca: sede del\u00a0 Congreso Latinoamericano de Justicia Intercultural<\/strong><\/p>\n<p>* Expertos compartir\u00e1n experiencias sobre el sistema de justicia ind\u00edgena.<\/p>\n<p><strong>\u00a0<\/strong><\/p>\n<p><strong>\u00a0<\/strong><\/p>\n<p><strong>Oaxaca, M\u00e9xico, 02 de diciembre de 2014.-<\/strong> Con el objetivo analizar la situaci\u00f3n de los derechos de los pueblos y comunidades ind\u00edgenas en los pa\u00edses de latinoamericanos, principalmente respecto de sus sistemas de justicia, se realizar\u00e1 en la ciudad de Oaxaca el Congreso Latinoamericano de Justicia Intercultural.<\/p>\n<p>Este evento de trascendencia internacional es convocado por la asociaci\u00f3n civil denominada Centro Profesional Ind\u00edgena de Asesor\u00eda, Defensa y Traducci\u00f3n, A. C. (CEPIADET A. C.), en coordinaci\u00f3n con el Instituto Nacional de Lenguas Ind\u00edgenas (INALI), as\u00ed como la Secretar\u00eda de Desarrollo Social y Humano del Gobierno del Estado de Oaxaca (SEDESHO) y forma parte de una estrategia encaminada a generar mecanismos que permitan la sana y respetuosa coexistencia de los diversos sistemas jur\u00eddicos vigentes en nuestro pa\u00eds, as\u00ed como en la regi\u00f3n latinoamericana.<\/p>\n<p>Durante los d\u00edas 5 y 6 de diciembre de 2014, acad\u00e9micos, funcionarios y representantes de pueblos ind\u00edgenas de Bolivia, Colombia, Ecuador, Guatemala, Per\u00fa y M\u00e9xico, analizar\u00e1n y discutir\u00e1n los retos que enfrentan los Estados de la regi\u00f3n en cuanto a los sistemas de justicia (ind\u00edgenas y estatales) y propondr\u00e1n mecanismos que permitan una adecuada coexistencia y coordinaci\u00f3n.<\/p>\n<p>Las actividades del Congreso Latinoamericano de Justicia Intercultural consistir\u00e1n en la realizaci\u00f3n de diversos paneles de an\u00e1lisis en los siguientes ejes tem\u00e1ticos: <em>Situaci\u00f3n actual de las reformas en materia de derechos de los pueblos y comunidades ind\u00edgenas; Dise\u00f1o e implementaci\u00f3n del sistema de justicia biling\u00fce en Guatemala y M\u00e9xico; El ejercicio de la justicia ind\u00edgena y experiencias de coordinaci\u00f3n con la justicia estatal; Sentencias relevantes en materia de justicia intercultural y biling\u00fce que involucran personas, comunidades y pueblos ind\u00edgenas y; la interdisciplinariedad en el sistema de justicia intercultural.<\/em><\/p>\n<p>Aparte de una conferencia inaugural, se tiene previsto la presentaci\u00f3n de un informe elaborado por el CEPIADET y que se denomina \u201c<em>Los Pueblos Ind\u00edgenas frente a la Reforma Procesal Penal en Oaxaca: Estrategias para una implementaci\u00f3n democr\u00e1tica\u201d. <\/em>Asimismo, se presentar\u00e1 un documento de la Suprema Corte de Justicia de la Naci\u00f3n (SCJN) y que es el \u201c<em>Protocolo de actuaci\u00f3n para quienes imparten justicia en casos que involucren derechos de personas, comunidades y pueblos ind\u00edgenas\u201d.<\/em><\/p>\n<p>La necesidad de realizar este Congreso Latinoamericano de Justicia Intercultural, reside en que es indispensable generar condiciones adecuadas que permitan un di\u00e1logo entre diversos sistemas de justicia, estatales y las de los pueblos y comunidades ind\u00edgenas. Para ello, se requiere la participaci\u00f3n activa de instituciones gubernamentales, acad\u00e9micas y de la sociedad civil organizada a trav\u00e9s de espacios de an\u00e1lisis y discusi\u00f3n con el que se pretende realizar con actividades de este tipo.<\/p>\n<p>Todas las actividades del evento se desarrollar\u00e1n en el Claustro de la Biblioteca de Investigaci\u00f3n Juan de C\u00f3rdoba, perteneciente al Centro Acad\u00e9mico y Cultural San Pablo, y que se ubica en calle Independencia 904, Centro Hist\u00f3rico, Oaxaca de Ju\u00e1rez, Oaxaca.<\/p>\n<p>&nbsp;<\/p>\n","protected":false},"excerpt":{"rendered":"<p>&nbsp; Oaxaca: sede del\u00a0 Congreso Latinoamericano de Justicia Intercultural * Expertos compartir\u00e1n experiencias sobre el sistema de justicia ind\u00edgena. \u00a0 \u00a0 Oaxaca, M\u00e9xico, 02 de diciembre de 2014.- Con el objetivo analizar la situaci\u00f3n de los derechos de los pueblos y comunidades ind\u00edgenas en los pa\u00edses de latinoamericanos, principalmente respecto de sus sistemas de justicia, [&hellip;]<\/p>\n","protected":false},"author":3,"featured_media":0,"comment_status":"open","ping_status":"closed","sticky":false,"template":"","format":"standard","meta":{"site-sidebar-layout":"default","site-content-layout":"","ast-site-content-layout":"default","site-content-style":"default","site-sidebar-style":"default","ast-global-header-display":"","ast-banner-title-visibility":"","ast-main-header-display":"","ast-hfb-above-header-display":"","ast-hfb-below-header-display":"","ast-hfb-mobile-header-display":"","site-post-title":"","ast-breadcrumbs-content":"","ast-featured-img":"","footer-sml-layout":"","ast-disable-related-posts":"","theme-transparent-header-meta":"","adv-header-id-meta":"","stick-header-meta":"","header-above-stick-meta":"","header-main-stick-meta":"","header-below-stick-meta":"","astra-migrate-meta-layouts":"default","ast-page-background-enabled":"default","ast-page-background-meta":{"desktop":{"background-color":"var(--ast-global-color-4)","background-image":"","background-repeat":"repeat","background-position":"center center","background-size":"auto","background-attachment":"scroll","background-type":"","background-media":"","overlay-type":"","overlay-color":"","overlay-opacity":"","overlay-gradient":""},"tablet":{"background-color":"","background-image":"","background-repeat":"repeat","background-position":"center center","background-size":"auto","background-attachment":"scroll","background-type":"","background-media":"","overlay-type":"","overlay-color":"","overlay-opacity":"","overlay-gradient":""},"mobile":{"background-color":"","background-image":"","background-repeat":"repeat","background-position":"center center","background-size":"auto","background-attachment":"scroll","background-type":"","background-media":"","overlay-type":"","overlay-color":"","overlay-opacity":"","overlay-gradient":""}},"ast-content-background-meta":{"desktop":{"background-color":"var(--ast-global-color-5)","background-image":"","background-repeat":"repeat","background-position":"center center","background-size":"auto","background-attachment":"scroll","background-type":"","background-media":"","overlay-type":"","overlay-color":"","overlay-opacity":"","overlay-gradient":""},"tablet":{"background-color":"var(--ast-global-color-5)","background-image":"","background-repeat":"repeat","background-position":"center center","background-size":"auto","background-attachment":"scroll","background-type":"","background-media":"","overlay-type":"","overlay-color":"","overlay-opacity":"","overlay-gradient":""},"mobile":{"background-color":"var(--ast-global-color-5)","background-image":"","background-repeat":"repeat","background-position":"center center","background-size":"auto","background-attachment":"scroll","background-type":"","background-media":"","overlay-type":"","overlay-color":"","overlay-opacity":"","overlay-gradient":""}},"footnotes":""},"categories":[1],"tags":[],"class_list":["post-90","post","type-post","status-publish","format-standard","hentry","category-uncategorized"],"jetpack_featured_media_url":"","_links":{"self":[{"href":"https:\/\/cepiadet.org\/index.php\/wp-json\/wp\/v2\/posts\/90","targetHints":{"allow":["GET"]}}],"collection":[{"href":"https:\/\/cepiadet.org\/index.php\/wp-json\/wp\/v2\/posts"}],"about":[{"href":"https:\/\/cepiadet.org\/index.php\/wp-json\/wp\/v2\/types\/post"}],"author":[{"embeddable":true,"href":"https:\/\/cepiadet.org\/index.php\/wp-json\/wp\/v2\/users\/3"}],"replies":[{"embeddable":true,"href":"https:\/\/cepiadet.org\/index.php\/wp-json\/wp\/v2\/comments?post=90"}],"version-history":[{"count":0,"href":"https:\/\/cepiadet.org\/index.php\/wp-json\/wp\/v2\/posts\/90\/revisions"}],"wp:attachment":[{"href":"https:\/\/cepiadet.org\/index.php\/wp-json\/wp\/v2\/media?parent=90"}],"wp:term":[{"taxonomy":"category","embeddable":true,"href":"https:\/\/cepiadet.org\/index.php\/wp-json\/wp\/v2\/categories?post=90"},{"taxonomy":"post_tag","embeddable":true,"href":"https:\/\/cepiadet.org\/index.php\/wp-json\/wp\/v2\/tags?post=90"}],"curies":[{"name":"wp","href":"https:\/\/api.w.org\/{rel}","templated":true}]}}