{"id":908,"date":"2016-06-02T18:19:45","date_gmt":"2016-06-02T18:19:45","guid":{"rendered":"https:\/\/cepiadet.org\/index.php\/2016\/06\/02\/scjn-atrae-caso-sobre-designacion-de-interprete\/"},"modified":"2016-06-02T18:19:45","modified_gmt":"2016-06-02T18:19:45","slug":"scjn-atrae-caso-sobre-designacion-de-interprete","status":"publish","type":"post","link":"https:\/\/cepiadet.org\/index.php\/2016\/06\/02\/scjn-atrae-caso-sobre-designacion-de-interprete\/","title":{"rendered":"SCJN atrae caso sobre procedimiento para designar a int\u00e9rprete"},"content":{"rendered":"<p><img class=\\\"alignnone size-full wp-image-909\\\" src=\\\"https:\/\/cepiadet.files.wordpress.com\/2016\/06\/270715c0d2bab56med.jpg\\\" alt=\\\"270715c0d2bab56med\\\" width=\\\"700\\\" height=\\\"443\\\" \/><\/p>\n<p>Oaxaca, M\u00e9xico, 2 de junio de 2016.- En sesi\u00f3n de 1\u00b0 de junio de 2016, la Primera Sala de la Suprema Corte de Justicia de la Naci\u00f3n (SCJN) resolvi\u00f3 la solicitud de ejercicio de la facultad de atracci\u00f3n 242\/2015, a propuesta del Ministro Jos\u00e9 Ram\u00f3n Coss\u00edo D\u00edaz, que tiene que ver con el procedimiento que deben seguir las autoridades judiciales o ministeriales para designar el perito pr\u00e1ctico en lenguas ind\u00edgenas.<\/p>\n<p>La Primera Sala atrajo un amparo en revisi\u00f3n que permitir\u00e1 fijar un criterio de inter\u00e9s nacional en cuanto a las facultades del Instituto Federal de la Defensor\u00eda P\u00fablica (IFDP), a efecto de definir si un defensor p\u00fablico federal biling\u00fce puede fungir \u00fanicamente como traductor en un proceso penal en el que est\u00e9 involucrada una persona ind\u00edgena, cuando esta \u00faltima cuente con defensa particular.<\/p>\n<p>En el caso, un Tribunal Unitario que conoci\u00f3 de la apelaci\u00f3n de dos personas inculpadas del delito de portaci\u00f3n de arma de fuego y cartuchos de uso exclusivo del Ej\u00e9rcito, Armada y Fuerza A\u00e9rea, as\u00ed como del de portaci\u00f3n de arma de fuego sin licencia y lesiones, design\u00f3 como int\u00e9rprete a un defensor p\u00fablico federal en lenguas ind\u00edgenas, hablante de la lengua mixe. La Delegada en Oaxaca del IFDP promovi\u00f3 amparo, mismo que le fue negado y es el motivo de la presente revisi\u00f3n que aqu\u00ed se solicita atraer.<\/p>\n<p>La importancia y trascendencia del asunto radica en que, al resolverlo se podr\u00e1 determinar lo siguiente:<\/p>\n<blockquote><p>\n\u2022 Si conforme a lo previsto en el art\u00edculo 2\u00b0 constitucional, el derecho de las personas ind\u00edgenas de acceder plenamente a la jurisdicci\u00f3n del Estado, y a efecto de salvaguardar el derecho de defensa adecuada, los \u00f3rganos jurisdiccionales pueden ordenar que un defensor p\u00fablico federal biling\u00fce, funja como traductor e int\u00e9rprete en un proceso penal en el que se encuentra involucrada una persona que se autoadscribi\u00f3 como ind\u00edgena y adem\u00e1s es defendida por abogados particulares.<br \/>\n\u2022 Si el IFDP dentro de sus facultades est\u00e1 el de proporcionar el servicio de traducci\u00f3n e interpretaci\u00f3n en los juicios en los que se vean involucradas personas ind\u00edgenas, o bien, existe la posibilidad de justificar legalmente que dicho Instituto pueda asumir esa carga, atendiendo a la deficiencia de peritos pr\u00e1cticos en lenguas ind\u00edgenas.<br \/>\n\u2022 Constituye o no una violaci\u00f3n al principio de legalidad, el que los defensores p\u00fablicos federales en lenguas ind\u00edgenas act\u00faen como traductores e int\u00e9rpretes en auxilio de los procesados o sentenciados ind\u00edgenas, aun cuando dicha funci\u00f3n no tenga asidero constitucional.<\/p><\/blockquote>\n<p>&nbsp;<\/p>\n<p>&nbsp;<\/p>\n<p>Publicado originalmente en\u00a0http:\/\/www.internet2.scjn.gob.mx\/red2\/comunicados\/comunicado.asp?id=4329<\/p>\n<p>&nbsp;<\/p>\n<p>&nbsp;<\/p>\n","protected":false},"excerpt":{"rendered":"<p>Oaxaca, M\u00e9xico, 2 de junio de 2016.- En sesi\u00f3n de 1\u00b0 de junio de 2016, la Primera Sala de la Suprema Corte de Justicia de la Naci\u00f3n (SCJN) resolvi\u00f3 la solicitud de ejercicio de la facultad de atracci\u00f3n 242\/2015, a propuesta del Ministro Jos\u00e9 Ram\u00f3n Coss\u00edo D\u00edaz, que tiene que ver con el procedimiento que [&hellip;]<\/p>\n","protected":false},"author":3,"featured_media":0,"comment_status":"open","ping_status":"closed","sticky":false,"template":"","format":"standard","meta":{"site-sidebar-layout":"default","site-content-layout":"","ast-site-content-layout":"default","site-content-style":"default","site-sidebar-style":"default","ast-global-header-display":"","ast-banner-title-visibility":"","ast-main-header-display":"","ast-hfb-above-header-display":"","ast-hfb-below-header-display":"","ast-hfb-mobile-header-display":"","site-post-title":"","ast-breadcrumbs-content":"","ast-featured-img":"","footer-sml-layout":"","ast-disable-related-posts":"","theme-transparent-header-meta":"","adv-header-id-meta":"","stick-header-meta":"","header-above-stick-meta":"","header-main-stick-meta":"","header-below-stick-meta":"","astra-migrate-meta-layouts":"default","ast-page-background-enabled":"default","ast-page-background-meta":{"desktop":{"background-color":"var(--ast-global-color-4)","background-image":"","background-repeat":"repeat","background-position":"center center","background-size":"auto","background-attachment":"scroll","background-type":"","background-media":"","overlay-type":"","overlay-color":"","overlay-opacity":"","overlay-gradient":""},"tablet":{"background-color":"","background-image":"","background-repeat":"repeat","background-position":"center center","background-size":"auto","background-attachment":"scroll","background-type":"","background-media":"","overlay-type":"","overlay-color":"","overlay-opacity":"","overlay-gradient":""},"mobile":{"background-color":"","background-image":"","background-repeat":"repeat","background-position":"center center","background-size":"auto","background-attachment":"scroll","background-type":"","background-media":"","overlay-type":"","overlay-color":"","overlay-opacity":"","overlay-gradient":""}},"ast-content-background-meta":{"desktop":{"background-color":"var(--ast-global-color-5)","background-image":"","background-repeat":"repeat","background-position":"center center","background-size":"auto","background-attachment":"scroll","background-type":"","background-media":"","overlay-type":"","overlay-color":"","overlay-opacity":"","overlay-gradient":""},"tablet":{"background-color":"var(--ast-global-color-5)","background-image":"","background-repeat":"repeat","background-position":"center center","background-size":"auto","background-attachment":"scroll","background-type":"","background-media":"","overlay-type":"","overlay-color":"","overlay-opacity":"","overlay-gradient":""},"mobile":{"background-color":"var(--ast-global-color-5)","background-image":"","background-repeat":"repeat","background-position":"center center","background-size":"auto","background-attachment":"scroll","background-type":"","background-media":"","overlay-type":"","overlay-color":"","overlay-opacity":"","overlay-gradient":""}},"footnotes":""},"categories":[1],"tags":[],"class_list":["post-908","post","type-post","status-publish","format-standard","hentry","category-uncategorized"],"jetpack_featured_media_url":"","_links":{"self":[{"href":"https:\/\/cepiadet.org\/index.php\/wp-json\/wp\/v2\/posts\/908","targetHints":{"allow":["GET"]}}],"collection":[{"href":"https:\/\/cepiadet.org\/index.php\/wp-json\/wp\/v2\/posts"}],"about":[{"href":"https:\/\/cepiadet.org\/index.php\/wp-json\/wp\/v2\/types\/post"}],"author":[{"embeddable":true,"href":"https:\/\/cepiadet.org\/index.php\/wp-json\/wp\/v2\/users\/3"}],"replies":[{"embeddable":true,"href":"https:\/\/cepiadet.org\/index.php\/wp-json\/wp\/v2\/comments?post=908"}],"version-history":[{"count":0,"href":"https:\/\/cepiadet.org\/index.php\/wp-json\/wp\/v2\/posts\/908\/revisions"}],"wp:attachment":[{"href":"https:\/\/cepiadet.org\/index.php\/wp-json\/wp\/v2\/media?parent=908"}],"wp:term":[{"taxonomy":"category","embeddable":true,"href":"https:\/\/cepiadet.org\/index.php\/wp-json\/wp\/v2\/categories?post=908"},{"taxonomy":"post_tag","embeddable":true,"href":"https:\/\/cepiadet.org\/index.php\/wp-json\/wp\/v2\/tags?post=908"}],"curies":[{"name":"wp","href":"https:\/\/api.w.org\/{rel}","templated":true}]}}