{"id":978,"date":"2016-06-22T22:52:28","date_gmt":"2016-06-22T22:52:28","guid":{"rendered":"https:\/\/cepiadet.org\/index.php\/2016\/06\/22\/cidh-condena-violencia-en-oaxaca\/"},"modified":"2016-06-22T22:52:28","modified_gmt":"2016-06-22T22:52:28","slug":"cidh-condena-violencia-en-oaxaca","status":"publish","type":"post","link":"https:\/\/cepiadet.org\/index.php\/2016\/06\/22\/cidh-condena-violencia-en-oaxaca\/","title":{"rendered":"CIDH condena violencia en Oaxaca"},"content":{"rendered":"<p><img class=\\\"alignnone size-full wp-image-979\\\" src=\\\"https:\/\/cepiadet.files.wordpress.com\/2016\/06\/digitallpost_heridosnochixtlan-1024x683.jpg\\\" alt=\\\"digitallpost_heridosnochixtlan-1024x683\\\" width=\\\"1024\\\" height=\\\"683\\\" \/><\/p>\n<p>&nbsp;<\/p>\n<h4 class=\\\"fechaComunicados\\\">22 de junio de 2016<\/h4>\n<p>Washington, D.C. \u2013 La Comisi\u00f3n Interamericana de Derechos Humanos (CIDH) condena en\u00e9rgicamente los graves hechos de violencia registrados en el estado de Oaxaca, M\u00e9xico, que resultaron en personas muertas y heridas. La Comisi\u00f3n Interamericana hace un llamado al Estado a promover un proceso de di\u00e1logo en el marco de la reforma educativa en M\u00e9xico.<\/p>\n<p>Seg\u00fan informaci\u00f3n de p\u00fablico conocimiento, el 19 de junio de 2016 se registr\u00f3 un enfrentamiento entre fuerzas federales de seguridad y del estado de Oaxaca, con miembros y simpatizantes de la Coordinadora Nacional de Trabajadores de la Educaci\u00f3n (CNTE). El gremio magisterial manten\u00eda bloqueos en carreteras desde hac\u00eda una semana. Los enfrentamientos se habr\u00edan producido tras el operativo policial conjunto de fuerzas estatales y federales para retirar el bloqueo de la autopista Oaxaca-M\u00e9xico, en el municipio de Nochixtl\u00e1n. Asimismo se habr\u00edan reportado actos de vandalismo y saqueos en el estado por personas a\u00fan no identificadas.<\/p>\n<p>Mediante comunicado conjunto del Gobierno de la Rep\u00fablica y del estado de Oaxaca, las autoridades confirmaron que producto de los enfrentamientos resultaron muertas 8 personas, 7 de ellas con disparos de armas de fuego y 1 persona v\u00edctima de la manipulaci\u00f3n de un artefacto de fuego. Por su parte, versiones de prensa indican que el n\u00famero de personas fallecidas habr\u00eda ascendido a 9. Asimismo, las autoridades informaron que hay 41 polic\u00edas federales heridos, 14 polic\u00edas estatales heridos, y 53 personas civiles lesionadas. La CIDH toma nota que la Comisi\u00f3n Nacional de Derechos Humanos (CNDH) emiti\u00f3 medidas cautelares para la adecuada atenci\u00f3n m\u00e9dica de las personas lesionadas. Las autoridades informaron que 21 personas fueron detenidas durante los disturbios; posteriormente, las autoridades informaron que el total de personas detenidas fue de 23. Seg\u00fan versiones period\u00edsticas, todos los detenidos han sido liberados.<\/p>\n<p>Por su parte, seg\u00fan la CNTE, habr\u00eda varias personas desaparecidas. Seg\u00fan informaron a trav\u00e9s de un comunicado de prensa, la Defensor\u00eda de los Derechos Humanos de Oaxaca solicit\u00f3 medidas cautelares para proteger la integridad de siete personas desaparecidas a partir del desalojo ocurrido el domingo: \u00c1ngel Santiago Hern\u00e1ndez, Juan Velasco M\u00e9ndez, Daniel Medina, Mar\u00eda Carrillo, Gustavo Moreno Bravo, Inocente Pinacho y Alejandro NN. La Defensor\u00eda presume que estas personas habr\u00edan sido privados de su libertad durante la realizaci\u00f3n del desalojo.<\/p>\n<p>Por otro lado, Elidio Ramos Z\u00e1rate, reportero del diario regional El Sur, fue asesinado de un balazo en la cabeza mientras cubr\u00eda los acontecimientos en Juchit\u00e1n. Seg\u00fan informaci\u00f3n de p\u00fablico conocimiento, Elidio Ramos Z\u00e1rate habr\u00eda sido amenazado previamente para no cubrir los hechos de violencia. La Relator\u00eda Especial para la Libertad de Expresi\u00f3n ha emitido un comunicado de prensa sobre este asesinato.<\/p>\n<p>La CIDH lamenta profundamente estos hechos de violencia y hace un llamado al Estado a promover un proceso de di\u00e1logo\u00a0 en el marco de la reforma educativa que permita la b\u00fasqueda de una soluci\u00f3n en el contexto de una sociedad democr\u00e1tica y con pleno respeto a los derechos humanos. En este sentido, la CIDH saluda el anuncio del establecimiento de una mesa de di\u00e1logo entre la CNTE y el Gobierno.<\/p>\n<p>La Comisi\u00f3n insta al Estado mexicano a cumplir con su obligaci\u00f3n de impulsar una investigaci\u00f3n diligente sobre los hechos y a sancionar, de acuerdo a la ley, a las personas que puedan resultar responsables de estas muertes y otros hechos de violencia. Asimismo, la CIDH urge al Estado a adoptar las medidas necesarias para garantizar los derechos de las personas sujetas a su jurisdicci\u00f3n, a trav\u00e9s de mecanismos eficaces y razonables de prevenci\u00f3n.<\/p>\n<p>La CIDH es un \u00f3rgano principal y aut\u00f3nomo de la Organizaci\u00f3n de los Estados Americanos (OEA), cuyo mandato surge de la Carta de la OEA y de la Convenci\u00f3n Americana sobre Derechos Humanos. La Comisi\u00f3n Interamericana tiene el mandato de promover la observancia de los derechos humanos en la regi\u00f3n y act\u00faa como \u00f3rgano consultivo de la OEA en la materia. La CIDH est\u00e1 integrada por siete miembros independientes que son elegidos por la Asamblea General de la OEA a t\u00edtulo personal, y no representan sus pa\u00edses de origen o residencia.<\/p>\n<p class=\\\"txtright\\\">No. 083\/16<\/p>\n<p class=\\\"txtright\\\">Comunicado publicado originalmente en\u00a0http:\/\/www.oas.org\/es\/cidh\/prensa\/comunicados\/2016\/083.asp<\/p>\n<p class=\\\"txtright\\\">\n","protected":false},"excerpt":{"rendered":"<p>&nbsp; 22 de junio de 2016 Washington, D.C. \u2013 La Comisi\u00f3n Interamericana de Derechos Humanos (CIDH) condena en\u00e9rgicamente los graves hechos de violencia registrados en el estado de Oaxaca, M\u00e9xico, que resultaron en personas muertas y heridas. La Comisi\u00f3n Interamericana hace un llamado al Estado a promover un proceso de di\u00e1logo en el marco de [&hellip;]<\/p>\n","protected":false},"author":3,"featured_media":0,"comment_status":"open","ping_status":"closed","sticky":false,"template":"","format":"standard","meta":{"site-sidebar-layout":"default","site-content-layout":"","ast-site-content-layout":"default","site-content-style":"default","site-sidebar-style":"default","ast-global-header-display":"","ast-banner-title-visibility":"","ast-main-header-display":"","ast-hfb-above-header-display":"","ast-hfb-below-header-display":"","ast-hfb-mobile-header-display":"","site-post-title":"","ast-breadcrumbs-content":"","ast-featured-img":"","footer-sml-layout":"","ast-disable-related-posts":"","theme-transparent-header-meta":"","adv-header-id-meta":"","stick-header-meta":"","header-above-stick-meta":"","header-main-stick-meta":"","header-below-stick-meta":"","astra-migrate-meta-layouts":"default","ast-page-background-enabled":"default","ast-page-background-meta":{"desktop":{"background-color":"var(--ast-global-color-4)","background-image":"","background-repeat":"repeat","background-position":"center center","background-size":"auto","background-attachment":"scroll","background-type":"","background-media":"","overlay-type":"","overlay-color":"","overlay-opacity":"","overlay-gradient":""},"tablet":{"background-color":"","background-image":"","background-repeat":"repeat","background-position":"center center","background-size":"auto","background-attachment":"scroll","background-type":"","background-media":"","overlay-type":"","overlay-color":"","overlay-opacity":"","overlay-gradient":""},"mobile":{"background-color":"","background-image":"","background-repeat":"repeat","background-position":"center center","background-size":"auto","background-attachment":"scroll","background-type":"","background-media":"","overlay-type":"","overlay-color":"","overlay-opacity":"","overlay-gradient":""}},"ast-content-background-meta":{"desktop":{"background-color":"var(--ast-global-color-5)","background-image":"","background-repeat":"repeat","background-position":"center center","background-size":"auto","background-attachment":"scroll","background-type":"","background-media":"","overlay-type":"","overlay-color":"","overlay-opacity":"","overlay-gradient":""},"tablet":{"background-color":"var(--ast-global-color-5)","background-image":"","background-repeat":"repeat","background-position":"center center","background-size":"auto","background-attachment":"scroll","background-type":"","background-media":"","overlay-type":"","overlay-color":"","overlay-opacity":"","overlay-gradient":""},"mobile":{"background-color":"var(--ast-global-color-5)","background-image":"","background-repeat":"repeat","background-position":"center center","background-size":"auto","background-attachment":"scroll","background-type":"","background-media":"","overlay-type":"","overlay-color":"","overlay-opacity":"","overlay-gradient":""}},"footnotes":""},"categories":[1],"tags":[],"class_list":["post-978","post","type-post","status-publish","format-standard","hentry","category-uncategorized"],"jetpack_featured_media_url":"","_links":{"self":[{"href":"https:\/\/cepiadet.org\/index.php\/wp-json\/wp\/v2\/posts\/978","targetHints":{"allow":["GET"]}}],"collection":[{"href":"https:\/\/cepiadet.org\/index.php\/wp-json\/wp\/v2\/posts"}],"about":[{"href":"https:\/\/cepiadet.org\/index.php\/wp-json\/wp\/v2\/types\/post"}],"author":[{"embeddable":true,"href":"https:\/\/cepiadet.org\/index.php\/wp-json\/wp\/v2\/users\/3"}],"replies":[{"embeddable":true,"href":"https:\/\/cepiadet.org\/index.php\/wp-json\/wp\/v2\/comments?post=978"}],"version-history":[{"count":0,"href":"https:\/\/cepiadet.org\/index.php\/wp-json\/wp\/v2\/posts\/978\/revisions"}],"wp:attachment":[{"href":"https:\/\/cepiadet.org\/index.php\/wp-json\/wp\/v2\/media?parent=978"}],"wp:term":[{"taxonomy":"category","embeddable":true,"href":"https:\/\/cepiadet.org\/index.php\/wp-json\/wp\/v2\/categories?post=978"},{"taxonomy":"post_tag","embeddable":true,"href":"https:\/\/cepiadet.org\/index.php\/wp-json\/wp\/v2\/tags?post=978"}],"curies":[{"name":"wp","href":"https:\/\/api.w.org\/{rel}","templated":true}]}}